{"id":267927,"date":"2024-11-18T13:05:42","date_gmt":"2024-11-18T12:05:42","guid":{"rendered":"https:\/\/nextcloud.com\/?p=267927"},"modified":"2024-11-21T20:44:59","modified_gmt":"2024-11-21T19:44:59","slug":"nextcloud-enterprise-day-paris-2024-reservez-votre-place-maintenant-2","status":"publish","type":"post","link":"https:\/\/nextcloud.com\/fr\/blog\/nextcloud-enterprise-day-paris-2024-reservez-votre-place-maintenant-2\/","title":{"rendered":"Nextcloud Enterprise Day arrive \u00e0 Paris : participez \u00e0 l&rsquo;\u00e9v\u00e9nement de lancement du produit !"},"content":{"rendered":"\n<figure class=\"wp-block-gallery has-nested-images columns-default is-cropped wp-block-gallery-2 is-layout-flex wp-block-gallery-is-layout-flex\">\n<figure class=\"wp-block-image size-full\"><img decoding=\"async\" width=\"1920\" height=\"1080\" data-id=\"267932\" src=\"https:\/\/nextcloud.com\/c\/uploads\/2024\/01\/Enterprise-Day-Paris-Template.png\" alt=\"\" class=\"wp-image-267932\" srcset=\"https:\/\/nextcloud.com\/c\/uploads\/2024\/01\/Enterprise-Day-Paris-Template.png 1920w, https:\/\/nextcloud.com\/c\/uploads\/2024\/01\/Enterprise-Day-Paris-Template-300x169.png 300w, https:\/\/nextcloud.com\/c\/uploads\/2024\/01\/Enterprise-Day-Paris-Template-1024x576.png 1024w, https:\/\/nextcloud.com\/c\/uploads\/2024\/01\/Enterprise-Day-Paris-Template-768x432.png 768w, https:\/\/nextcloud.com\/c\/uploads\/2024\/01\/Enterprise-Day-Paris-Template-1536x864.png 1536w\" sizes=\"(max-width: 1920px) 100vw, 1920px\" \/><\/figure>\n<\/figure>\n\n\n\n<p>\u00c0 la veille de l\u2019Open Source Experience, nous vous invitons au <a href=\"https:\/\/nextcloud.com\/fr\/enterprise-day-2024-france\/\">Nextcloud Enterprise Day Paris<\/a>, l\u2019\u00e9v\u00e9nement phare de Nextcloud d\u00e9di\u00e9 aux professionnels. Une apr\u00e8s midi d&rsquo;\u00e9changes, de networking, de pr\u00e9sentations inspirantes, et d&rsquo;annonces exclusives vous attendent, avec des leaders de l&rsquo;open source et des experts en solutions collaboratives.<\/p>\n\n\n\n<p><strong>Des keynotes inspirantes et une annonce exclusive Nextcloud Talk<\/strong> <\/p>\n\n\n\n<p>L\u2019Enterprise Day Paris commencera avec une keynote de notre PDG et fondateur Frank Karlitschek, un moment fort o\u00f9 il partagera notre vision de l\u2019avenir de la collaboration en ligne, suivie d&rsquo;une annonce majeure concernant Nextcloud Talk ! Ce sera l&rsquo;occasion d\u2019en apprendre plus sur nos derni\u00e8res innovations et de poser toutes vos questions directement \u00e0 Frank et \u00e0 l\u2019\u00e9quipe Nextcloud.<\/p>\n\n\n\n<p>D\u00e9couvrez ensuite des t\u00e9moignages inspirants de clients et partenaires, qui partageront leurs succ\u00e8s et retours d\u2019exp\u00e9rience concrets avec Nextcloud. Ces \u00e9changes, en anglais et en fran\u00e7ais, seront une belle occasion d\u2019explorer les b\u00e9n\u00e9fices de Nextcloud dans des contextes vari\u00e9s. <\/p>\n\n\n\n<p><strong>Un espace Networking pour \u00e9changer avec nos experts<\/strong><\/p>\n\n\n\n<p>En parall\u00e8le, notre espace networking vous permettra de rencontrer et d\u2019\u00e9changer avec des partenaires, des experts Nextcloud, ainsi que de d\u00e9couvrir nos sponsors, pr\u00eats \u00e0 vous conseiller et \u00e0 r\u00e9pondre \u00e0 toutes vos questions.<\/p>\n\n\n\n<p class=\"has-text-align-center\"><br><em>Rejoignez-nous pour un lancement en avant-premi\u00e8re de Nextcloud Talk \u00ab\u00a0Paris\u00ab\u00a0, marquant une nouvelle direction audacieuse pour notre plateforme de chat et de vid\u00e9oconf\u00e9rence.<\/em> \ud83c\udf7e<\/p>\n\n\n\n<div style=\"height:30px\" aria-hidden=\"true\" class=\"wp-block-spacer\"><\/div>\n\n\n\n<div class=\"wp-block-buttons is-content-justification-center is-layout-flex wp-container-core-buttons-is-layout-16018d1d wp-block-buttons-is-layout-flex\">\n<div class=\"wp-block-button\"><a class=\"wp-block-button__link wp-element-button\" href=\"https:\/\/nextcloud.com\/fr\/enterprise-day-2024-france\/\" target=\"_blank\" rel=\"noreferrer noopener\">Inscrivez-vous<\/a><\/div>\n<\/div>\n\n\n\n<div style=\"height:29px\" aria-hidden=\"true\" class=\"wp-block-spacer\"><\/div>\n\n\n\n<div class=\"wp-block-columns is-layout-flex wp-container-core-columns-is-layout-9d6595d7 wp-block-columns-is-layout-flex\">\n<div class=\"wp-block-column is-layout-flow wp-block-column-is-layout-flow\" style=\"flex-basis:100%\">\n<figure class=\"wp-block-gallery has-nested-images columns-default is-cropped wp-block-gallery-3 is-layout-flex wp-block-gallery-is-layout-flex\">\n<figure class=\"wp-block-image size-large\"><a href=\"https:\/\/nextcloud.com\/c\/uploads\/2024\/08\/Nextcloud-EnterpriseDay24-131-copy-1.jpg\"><img decoding=\"async\" width=\"1024\" height=\"576\" data-id=\"245077\" src=\"https:\/\/nextcloud.com\/c\/uploads\/2024\/08\/Nextcloud-EnterpriseDay24-131-copy-1-1024x576.jpg\" alt=\"\" class=\"wp-image-245077\" srcset=\"https:\/\/nextcloud.com\/c\/uploads\/2024\/08\/Nextcloud-EnterpriseDay24-131-copy-1-1024x576.jpg 1024w, https:\/\/nextcloud.com\/c\/uploads\/2024\/08\/Nextcloud-EnterpriseDay24-131-copy-1-300x169.jpg 300w, https:\/\/nextcloud.com\/c\/uploads\/2024\/08\/Nextcloud-EnterpriseDay24-131-copy-1-768x432.jpg 768w, https:\/\/nextcloud.com\/c\/uploads\/2024\/08\/Nextcloud-EnterpriseDay24-131-copy-1-1536x864.jpg 1536w, https:\/\/nextcloud.com\/c\/uploads\/2024\/08\/Nextcloud-EnterpriseDay24-131-copy-1.jpg 2000w\" sizes=\"(max-width: 1024px) 100vw, 1024px\" \/><\/a><\/figure>\n\n\n\n<figure class=\"wp-block-image size-large\"><a href=\"https:\/\/nextcloud.com\/c\/uploads\/2024\/08\/Nextcloud-EnterpriseDay24-48-copy-1.jpg\"><img decoding=\"async\" width=\"1024\" height=\"576\" data-id=\"245082\" src=\"https:\/\/nextcloud.com\/c\/uploads\/2024\/08\/Nextcloud-EnterpriseDay24-48-copy-1-1024x576.jpg\" alt=\"\" class=\"wp-image-245082\" srcset=\"https:\/\/nextcloud.com\/c\/uploads\/2024\/08\/Nextcloud-EnterpriseDay24-48-copy-1-1024x576.jpg 1024w, https:\/\/nextcloud.com\/c\/uploads\/2024\/08\/Nextcloud-EnterpriseDay24-48-copy-1-300x169.jpg 300w, https:\/\/nextcloud.com\/c\/uploads\/2024\/08\/Nextcloud-EnterpriseDay24-48-copy-1-768x432.jpg 768w, https:\/\/nextcloud.com\/c\/uploads\/2024\/08\/Nextcloud-EnterpriseDay24-48-copy-1-1536x864.jpg 1536w, https:\/\/nextcloud.com\/c\/uploads\/2024\/08\/Nextcloud-EnterpriseDay24-48-copy-1.jpg 2000w\" sizes=\"(max-width: 1024px) 100vw, 1024px\" \/><\/a><\/figure>\n\n\n\n<figure class=\"wp-block-image size-large\"><a href=\"https:\/\/nextcloud.com\/c\/uploads\/2024\/08\/Nextcloud-EnterpriseDay24-191-copy-1.jpg\"><img decoding=\"async\" width=\"1024\" height=\"576\" data-id=\"245087\" src=\"https:\/\/nextcloud.com\/c\/uploads\/2024\/08\/Nextcloud-EnterpriseDay24-191-copy-1-1024x576.jpg\" alt=\"\" class=\"wp-image-245087\" srcset=\"https:\/\/nextcloud.com\/c\/uploads\/2024\/08\/Nextcloud-EnterpriseDay24-191-copy-1-1024x576.jpg 1024w, https:\/\/nextcloud.com\/c\/uploads\/2024\/08\/Nextcloud-EnterpriseDay24-191-copy-1-300x169.jpg 300w, https:\/\/nextcloud.com\/c\/uploads\/2024\/08\/Nextcloud-EnterpriseDay24-191-copy-1-768x432.jpg 768w, https:\/\/nextcloud.com\/c\/uploads\/2024\/08\/Nextcloud-EnterpriseDay24-191-copy-1-1536x864.jpg 1536w, https:\/\/nextcloud.com\/c\/uploads\/2024\/08\/Nextcloud-EnterpriseDay24-191-copy-1.jpg 2000w\" sizes=\"(max-width: 1024px) 100vw, 1024px\" \/><\/a><\/figure>\n<\/figure>\n<\/div>\n<\/div>\n\n\n\n<p><\/p>\n\n\n\n<h2 class=\"wp-block-heading\">Pourquoi participer au Nextcloud Enterprise Day? <\/h2>\n\n\n\n<p>Nextcloud Enteprise Day Paris n&rsquo;est pas un simple rendez-vous de r\u00e9seautage &#8211; c&rsquo;est un moyen d&rsquo;apprendre des succ\u00e8s de vos pairs, d&rsquo;\u00e9changer votre exp\u00e9rience et de vous entretenir avec les ing\u00e9nieurs concepteurs de notre plateforme collaborative, ainsi qu&rsquo;avec des professionnels de l&rsquo;industrie partageant les m\u00eames valeurs.<\/p>\n\n\n\n<p>L&rsquo;exp\u00e9rience Nextcloud Enterprise Day comprend :<\/p>\n\n\n\n<ul class=\"wp-block-list nc-list\">\n<li>Des informations sur la feuille de route Nextcloud et une pr\u00e9sentation exclusives de la prochaine mise \u00e0 jour majeure &#8211; Nextcloud Talk!<\/li>\n\n\n\n<li>Une plong\u00e9e en profondeur dans les nouvelles fonctionnalit\u00e9s et les am\u00e9liorations qui vous permettront de dynamiser votre instance. <\/li>\n\n\n\n<li>L&rsquo;IA dans Nextcloud : les d\u00e9veloppements les plus demand\u00e9s et les derni\u00e8res fonctionnalit\u00e9s pour am\u00e9liorer votre plateforme.<\/li>\n\n\n\n<li>Des \u00e9tudes de cas r\u00e9els pr\u00e9sent\u00e9s par les utilisateurs eux-m\u00eames de Nextcloud issus de divers secteurs d&rsquo;activit\u00e9 et de diff\u00e9rents types d&rsquo;entreprises.<\/li>\n\n\n\n<li>Explorer les strat\u00e9gies d&rsquo;optimisation de votre plateforme pour une performance optimale avec la direction de Nextcloud. <\/li>\n\n\n\n<li>Une rencontre conviviale avec des pairs, des leaders de l&rsquo;industrie et des experts pour \u00e9largir votre r\u00e9seau et favoriser les collaborations.<\/li>\n\n\n\n<li>Questions et r\u00e9ponses exclusives et rencontre avec les dirigeants de Nextcloud.<\/li>\n<\/ul>\n\n\n\n<h2 class=\"wp-block-heading\">Nextcloud Talk fait escale \u00e0 Paris <\/h2>\n\n\n\n<div class=\"wp-block-media-text is-stacked-on-mobile\" style=\"grid-template-columns:58% auto\"><figure class=\"wp-block-media-text__media\"><img decoding=\"async\" width=\"870\" height=\"576\" src=\"https:\/\/nextcloud.com\/c\/uploads\/2024\/01\/high-angle-shot-beautiful-buildings-streets-captured-paris-france-2-870x576.jpg\" alt=\"\" class=\"wp-image-267959 size-full\" srcset=\"https:\/\/nextcloud.com\/c\/uploads\/2024\/01\/high-angle-shot-beautiful-buildings-streets-captured-paris-france-2-870x576.jpg 870w, https:\/\/nextcloud.com\/c\/uploads\/2024\/01\/high-angle-shot-beautiful-buildings-streets-captured-paris-france-2-300x199.jpg 300w, https:\/\/nextcloud.com\/c\/uploads\/2024\/01\/high-angle-shot-beautiful-buildings-streets-captured-paris-france-2-768x509.jpg 768w, https:\/\/nextcloud.com\/c\/uploads\/2024\/01\/high-angle-shot-beautiful-buildings-streets-captured-paris-france-2-1536x1017.jpg 1536w, https:\/\/nextcloud.com\/c\/uploads\/2024\/01\/high-angle-shot-beautiful-buildings-streets-captured-paris-france-2-2048x1356.jpg 2048w\" sizes=\"(max-width: 870px) 100vw, 870px\" \/><\/figure><div class=\"wp-block-media-text__content\">\n<p>L&rsquo;\u00e9v\u00e9nement se tiendra \u00e0 l&rsquo;Espace La Rochefoucauld, un lieu moderne et accessible, en plein c\u0153ur de Paris. Situ\u00e9 \u00e0 quelques pas des grands axes, cet espace offre un cadre parfait pour d\u00e9couvrir les derni\u00e8res innovations de Nextcloud Talk. Un endroit id\u00e9al pour des \u00e9changes riches et inspirants, dans une ville qui incarne \u00e0 la fois tradition et avant-garde.<\/p>\n<\/div><\/div>\n\n\n\n<div style=\"height:29px\" aria-hidden=\"true\" class=\"wp-block-spacer\"><\/div>\n\n\n\n<div class=\"wp-block-buttons is-content-justification-center is-layout-flex wp-container-core-buttons-is-layout-16018d1d wp-block-buttons-is-layout-flex\">\n<div class=\"wp-block-button is-style-fill\"><a class=\"wp-block-button__link wp-element-button\" href=\"https:\/\/nextcloud.com\/fr\/enterprise-day-2024-france\/\" target=\"_blank\" rel=\"noreferrer noopener\">Voir le plan d&rsquo;acc\u00e8s<\/a><\/div>\n<\/div>\n\n\n\n<div style=\"height:29px\" aria-hidden=\"true\" class=\"wp-block-spacer\"><\/div>\n\n\n\n<h2 class=\"wp-block-heading\">Points forts du programme<\/h2>\n\n\n\n<p>Le Nextcloud Enterprise Day Paris aura lieu le mardi 3 d\u00e9cembre 2024. Le programme principal s&rsquo;\u00e9tend de 13h30 \u00e0 18h00 CET avec des pauses r\u00e9guli\u00e8res pour se rafra\u00eechir et r\u00e9seauter. <\/p>\n\n\n\n<p>La journ\u00e9e se prolongera par un Cocktail d\u00e9contract\u00e9. Le programme indicatif ci-dessous sera mis \u00e0 jour r\u00e9guli\u00e8rement sur la page consacr\u00e9e au Nextcloud Enterprise Day Paris.<\/p>\n\n\n\n<figure class=\"wp-block-table nc-table\"><table><tbody><tr><td><strong>13:00<\/strong><\/td><td><strong>\ud83c\uddeb\ud83c\uddf7\ud83c\uddec\ud83c\udde7<\/strong> Accueil des participants, caf\u00e9 et th\u00e9 de bienvenue. Rencontrez nos partenaires et nos experts Nextcloud.<\/td><\/tr><tr><td><strong>13:30<\/strong><\/td><td>\ud83c\uddeb\ud83c\uddf7\ud83c\uddec\ud83c\udde7 Bienvenue : Pr\u00e9sentation de Nextcloud par Frank Karlitschek, PDG et fondateur de Nextcloud.<\/td><\/tr><tr><td><strong>14:00<\/strong><\/td><td>\ud83c\uddeb\ud83c\uddf7 \u00ab\u00a0Connecter un Demi-Million de personne avec Leviia et Nextcloud\u00a0\u00bb &#8211; Guy Daroles, Directeur de projet Monlycee.net et William Meauzoone, Co-fondateur Leviia<\/td><\/tr><tr><td><strong>14:20<\/strong><\/td><td>\ud83c\uddeb\ud83c\uddf7 \u00ab\u00a0Nextcloud bas\u00e9 sur MariaDB : Une solution \u00e9volutive et hautement disponible\u00a0\u00bb -Sebastien Giraud, Ing\u00e9nieur Logiciel chez MariaDB<\/td><\/tr><tr><td><strong>14:40<\/strong><\/td><td><strong>Pause et r\u00e9seautage \ud83c\uddeb\ud83c\uddf7\ud83c\uddec\ud83c\udde7<\/strong><\/td><\/tr><tr><td><strong>15:10<\/strong><\/td><td><strong>\ud83c\uddec\ud83c\udde7<\/strong> <strong>Nextcloud Talk Keynote<\/strong> \ud83c\udf89<\/td><\/tr><tr><td><strong>15:40<\/strong><\/td><td>\ud83c\uddeb\ud83c\uddf7 \u00ab\u00a0EUniWell adopte Nextcloud en mode SaaS avec TAS Cloud Services pour la collaboration \u00e0 distance de ses 11 Universit\u00e9s Europ\u00e9ennes\u00a0\u00bb &#8211; Youssef Araqi Houssaini, Charg\u00e9 de projets \u00e0 l\u2019Universit\u00e9 de Nantes et Matthieu Charton, responsable commercial de TAS Cloud Services<\/td><\/tr><tr><td><strong>16:00<\/strong><\/td><td>\ud83c\uddec\ud83c\udde7 \u00ab\u00a0Bridging Nextcloud with Microsoft via Sendent\u00a0\u00bb &#8211; Richard Marx, Co-fondateur Sendent<\/td><\/tr><tr><\/tr><tr><td><strong>16:20<\/strong><\/td><td><strong>Pause et r\u00e9seautage \ud83c\uddeb\ud83c\uddf7\ud83c\uddec\ud83c\udde7<\/strong><\/td><\/tr><tr><td><strong>16:50<\/strong><\/td><td>\ud83c\uddeb\ud83c\uddf7 \u00ab\u00a0Lib\u00e9rez vos Documents\u00a0\u00bb &#8211; Car M\u00e9ven, Ing\u00e9nieur Logiciel chez Collabora \ud83c\uddeb\ud83c\uddf7<\/td><\/tr><tr><td><strong>17:10<\/strong><\/td><td>\ud83c\uddeb\ud83c\uddf7 \u00ab\u00a0Ayming: Nextcloud un rempla\u00e7ant de SharePoint dans le secteur priv\u00e9\u00a0\u00bb &#8211; Xavier Quilliet, CIO chez Ayming et Guy-Christian Facia, consultant en logiciels libres collaboratif chez Arawa<\/td><\/tr><tr><\/tr><tr><td><strong>17:30<\/strong><\/td><td>\ud83c\uddeb\ud83c\uddf7 \u00ab\u00a0Pr\u00e9sentation des solutions XWiki et de leur int\u00e9gration dans Nextcloud\u00a0\u00bb &#8211; Cl\u00e9ment Aubin, Directeur des Ventes chez Xwiki<\/td><\/tr><tr><td><strong>18:00<br>21:00<\/strong><\/td><td>\ud83c\uddeb\ud83c\uddf7\ud83c\uddec\ud83c\udde7 <strong>Cocktails<\/strong><\/td><\/tr><\/tbody><\/table><\/figure>\n\n\n\n<h2 class=\"wp-block-heading\">Nos sponsors et partenaires pour l\u2019\u00e9v\u00e9nement<\/h2>\n\n\n\n<p>Nous sommes tr\u00e8s heureux de pouvoirs compter sur des sponsors de confiance: MariaDB, Arawa, IONOS, Leviia, et TAS Cloud Services. Venez \u00e0 leur rencontre pour d\u00e9couvrir leurs offres et comprendre comment ils renforcent l\u2019\u00e9cosyst\u00e8me Nextcloud. <\/p>\n\n\n<section class=\"carousel-slider-section\" id=\"Sponsors test\">\r\n\r\n                        <div class=\"box-repeater\">\r\n                <div class=\"box-repeater-items post_clients_carousel owl-carousel owl-theme\">\r\n                                        <div class=\"client_item\">\r\n                            <div class=\"client_item_inner\">\r\n\r\n                                \r\n                                <img decoding=\"async\" width=\"1\" height=\"1\" src=\"https:\/\/nextcloud.com\/c\/uploads\/2024\/11\/logo-arawa.svg\" class=\"attachment-full size-full\" alt=\"logo arawa\" \/>\r\n                                \r\n                                <\/div>\r\n                        <\/div>                 \r\n                                        <div class=\"client_item\">\r\n                            <div class=\"client_item_inner\">\r\n\r\n                                \r\n                                <img decoding=\"async\" width=\"1\" height=\"1\" src=\"https:\/\/nextcloud.com\/c\/uploads\/2024\/10\/MDB-HLogo.svg\" class=\"attachment-full size-full\" alt=\"MDB-HLogo\" \/>\r\n                                \r\n                                <\/div>\r\n                        <\/div>                 \r\n                                        <div class=\"client_item\">\r\n                            <div class=\"client_item_inner\">\r\n\r\n                                \r\n                                <img decoding=\"async\" width=\"1\" height=\"1\" src=\"https:\/\/nextcloud.com\/c\/uploads\/2024\/10\/Logo-classique-grass.svg\" class=\"attachment-full size-full\" alt=\"\" \/>\r\n                                \r\n                                <\/div>\r\n                        <\/div>                 \r\n                                        <div class=\"client_item\">\r\n                            <div class=\"client_item_inner\">\r\n\r\n                                \r\n                                <img decoding=\"async\" width=\"1\" height=\"1\" src=\"https:\/\/nextcloud.com\/c\/uploads\/2022\/11\/LOGO_IONOS.svg\" class=\"attachment-full size-full\" alt=\"1&amp;1 IONOS SE\" \/>\r\n                                \r\n                                <\/div>\r\n                        <\/div>                 \r\n                                        <div class=\"client_item\">\r\n                            <div class=\"client_item_inner\">\r\n\r\n                                \r\n                                <img decoding=\"async\" width=\"1305\" height=\"777\" src=\"https:\/\/nextcloud.com\/c\/uploads\/2022\/04\/TAS_CLOUD_SERVICES_rgb_gradient.png\" class=\"attachment-full size-full\" alt=\"\" srcset=\"https:\/\/nextcloud.com\/c\/uploads\/2022\/04\/TAS_CLOUD_SERVICES_rgb_gradient.png 1305w, https:\/\/nextcloud.com\/c\/uploads\/2022\/04\/TAS_CLOUD_SERVICES_rgb_gradient-300x179.png 300w, https:\/\/nextcloud.com\/c\/uploads\/2022\/04\/TAS_CLOUD_SERVICES_rgb_gradient-967x576.png 967w, https:\/\/nextcloud.com\/c\/uploads\/2022\/04\/TAS_CLOUD_SERVICES_rgb_gradient-768x457.png 768w\" sizes=\"(max-width: 1305px) 100vw, 1305px\" \/>\r\n                                \r\n                                <\/div>\r\n                        <\/div>                 \r\n                                <\/div>\r\n            <\/div>\r\n            \r\n            <\/section>\r\n<script>\r\n    jQuery(document).ready(function ($) {\r\n    $('.post_clients_carousel').owlCarousel({\r\n            loop:true,\r\n            autoplay: true,\r\n            margin:30,\r\n            dots: false,\r\n            nav:true,\r\n            lazyLoad:true,\r\n            stagePadding: 15,\r\n            responsive:{\r\n                0:{\r\n                    items:1\r\n                },\r\n                300:{\r\n                    items:2\r\n                },\r\n                600:{\r\n                    items:3\r\n                },\r\n                800:{\r\n                    items:6                },\r\n                1000:{\r\n                    items:6                }\r\n            }\r\n    });\r\n});\r\n<\/script>\r\n\n\n\n<p class=\"has-text-align-center\"><strong>R\u00e9servez votre place d\u00e8s maintenant pour ne rien manquer de l&rsquo;Enterprise Day Paris.<\/strong> <\/p>\n\n\n\n<p class=\"has-text-align-center\"><em>Plus que quelques places disponibles. <\/em><\/p>\n\n\n\n<div class=\"wp-block-buttons is-content-justification-center is-layout-flex wp-container-core-buttons-is-layout-16018d1d wp-block-buttons-is-layout-flex\">\n<div class=\"wp-block-button\"><a class=\"wp-block-button__link wp-element-button\" href=\"https:\/\/nextcloud.com\/fr\/enterprise-day-2024-france\/\" target=\"_blank\" rel=\"noreferrer noopener\">Inscrivez-vous<\/a><\/div>\n<\/div>\n","protected":false},"excerpt":{"rendered":"<p>Le 3 d\u00e9cembre prochain, nous vous invitons au Nextcloud Enterprise Day Paris, l\u2019\u00e9v\u00e9nement phare de Nextcloud d\u00e9di\u00e9 aux professionnels. La journ\u00e9e commencera avec une keynote de notre PDG et fondateur Frank Karlitschek, un moment fort o\u00f9 il partagera notre vision de l\u2019avenir de la collaboration en ligne, suivie d&rsquo;une annonce majeure concernant Nextcloud Talk !<\/p>\n","protected":false},"author":36,"featured_media":267932,"comment_status":"closed","ping_status":"open","sticky":false,"template":"","format":"standard","meta":{"_acf_changed":false,"inline_featured_image":false,"publish_to_discourse":"","publish_post_category":"","wpdc_auto_publish_overridden":"","wpdc_topic_tags":"","wpdc_pin_topic":"","wpdc_pin_until":"","discourse_post_id":"","discourse_permalink":"","wpdc_publishing_response":"","wpdc_publishing_error":"","footnotes":""},"categories":[273,315,279],"tags":[],"class_list":["post-267927","post","type-post","status-publish","format-standard","has-post-thumbnail","hentry","category-blog-fr","category-conference-fr","category-entreprise"],"acf":[],"yoast_head":"<!-- This site is optimized with the Yoast SEO plugin v27.1.1 - https:\/\/yoast.com\/product\/yoast-seo-wordpress\/ -->\n<title>Nextcloud Enterprise Day arrive \u00e0 Paris : participez \u00e0 l&#039;\u00e9v\u00e9nement de lancement du produit ! - Nextcloud<\/title>\n<meta name=\"robots\" content=\"index, follow, max-snippet:-1, max-image-preview:large, max-video-preview:-1\" \/>\n<link rel=\"canonical\" href=\"https:\/\/nextcloud.com\/fr\/blog\/nextcloud-enterprise-day-paris-2024-reservez-votre-place-maintenant-2\/\" \/>\n<meta property=\"og:locale\" content=\"fr_FR\" \/>\n<meta property=\"og:type\" content=\"article\" \/>\n<meta property=\"og:title\" content=\"Nextcloud Enterprise Day arrive \u00e0 Paris : participez \u00e0 l&#039;\u00e9v\u00e9nement de lancement du produit ! - Nextcloud\" \/>\n<meta property=\"og:description\" content=\"Le 3 d\u00e9cembre prochain, nous vous invitons au Nextcloud Enterprise Day Paris, l\u2019\u00e9v\u00e9nement phare de Nextcloud d\u00e9di\u00e9 aux professionnels. La journ\u00e9e commencera avec une keynote de notre PDG et fondateur Frank Karlitschek, un moment fort o\u00f9 il partagera notre vision de l\u2019avenir de la collaboration en ligne, suivie d&#039;une annonce majeure concernant Nextcloud Talk !\" \/>\n<meta property=\"og:url\" content=\"https:\/\/nextcloud.com\/fr\/blog\/nextcloud-enterprise-day-paris-2024-reservez-votre-place-maintenant-2\/\" \/>\n<meta property=\"og:site_name\" content=\"Nextcloud\" \/>\n<meta property=\"article:publisher\" content=\"https:\/\/www.facebook.com\/Nextclouders\/\" \/>\n<meta property=\"article:published_time\" content=\"2024-11-18T12:05:42+00:00\" \/>\n<meta property=\"article:modified_time\" content=\"2024-11-21T19:44:59+00:00\" \/>\n<meta property=\"og:image\" content=\"https:\/\/nextcloud.com\/c\/uploads\/2024\/01\/Enterprise-Day-Paris-Template.png\" \/>\n\t<meta property=\"og:image:width\" content=\"1920\" \/>\n\t<meta property=\"og:image:height\" content=\"1080\" \/>\n\t<meta property=\"og:image:type\" content=\"image\/png\" \/>\n<meta name=\"author\" content=\"Estelle Bachacou\" \/>\n<meta name=\"twitter:card\" content=\"summary_large_image\" \/>\n<meta name=\"twitter:creator\" content=\"@nextclouders\" \/>\n<meta name=\"twitter:site\" content=\"@nextclouders\" \/>\n<meta name=\"twitter:label1\" content=\"\u00c9crit par\" \/>\n\t<meta name=\"twitter:data1\" content=\"Estelle Bachacou\" \/>\n\t<meta name=\"twitter:label2\" content=\"Dur\u00e9e de lecture estim\u00e9e\" \/>\n\t<meta name=\"twitter:data2\" content=\"4 minutes\" \/>\n<script type=\"application\/ld+json\" class=\"yoast-schema-graph\">{\"@context\":\"https:\/\/schema.org\",\"@graph\":[{\"@type\":\"Article\",\"@id\":\"https:\/\/nextcloud.com\/fr\/blog\/nextcloud-enterprise-day-paris-2024-reservez-votre-place-maintenant-2\/#article\",\"isPartOf\":{\"@id\":\"https:\/\/nextcloud.com\/fr\/blog\/nextcloud-enterprise-day-paris-2024-reservez-votre-place-maintenant-2\/\"},\"author\":{\"name\":\"Estelle Bachacou\",\"@id\":\"https:\/\/nextcloud.com\/fr\/#\/schema\/person\/acb42b454c58f5ada0cc6928d0dc9810\"},\"headline\":\"Nextcloud Enterprise Day arrive \u00e0 Paris : participez \u00e0 l&rsquo;\u00e9v\u00e9nement de lancement du produit !\",\"datePublished\":\"2024-11-18T12:05:42+00:00\",\"dateModified\":\"2024-11-21T19:44:59+00:00\",\"mainEntityOfPage\":{\"@id\":\"https:\/\/nextcloud.com\/fr\/blog\/nextcloud-enterprise-day-paris-2024-reservez-votre-place-maintenant-2\/\"},\"wordCount\":878,\"publisher\":{\"@id\":\"https:\/\/nextcloud.com\/fr\/#organization\"},\"image\":{\"@id\":\"https:\/\/nextcloud.com\/fr\/blog\/nextcloud-enterprise-day-paris-2024-reservez-votre-place-maintenant-2\/#primaryimage\"},\"thumbnailUrl\":\"https:\/\/nextcloud.com\/c\/uploads\/2024\/01\/Enterprise-Day-Paris-Template.png\",\"articleSection\":[\"Blog\",\"Conference\",\"Entreprise\"],\"inLanguage\":\"fr-FR\"},{\"@type\":\"WebPage\",\"@id\":\"https:\/\/nextcloud.com\/fr\/blog\/nextcloud-enterprise-day-paris-2024-reservez-votre-place-maintenant-2\/\",\"url\":\"https:\/\/nextcloud.com\/fr\/blog\/nextcloud-enterprise-day-paris-2024-reservez-votre-place-maintenant-2\/\",\"name\":\"Nextcloud Enterprise Day arrive \u00e0 Paris : participez \u00e0 l'\u00e9v\u00e9nement de lancement du produit ! - Nextcloud\",\"isPartOf\":{\"@id\":\"https:\/\/nextcloud.com\/fr\/#website\"},\"primaryImageOfPage\":{\"@id\":\"https:\/\/nextcloud.com\/fr\/blog\/nextcloud-enterprise-day-paris-2024-reservez-votre-place-maintenant-2\/#primaryimage\"},\"image\":{\"@id\":\"https:\/\/nextcloud.com\/fr\/blog\/nextcloud-enterprise-day-paris-2024-reservez-votre-place-maintenant-2\/#primaryimage\"},\"thumbnailUrl\":\"https:\/\/nextcloud.com\/c\/uploads\/2024\/01\/Enterprise-Day-Paris-Template.png\",\"datePublished\":\"2024-11-18T12:05:42+00:00\",\"dateModified\":\"2024-11-21T19:44:59+00:00\",\"breadcrumb\":{\"@id\":\"https:\/\/nextcloud.com\/fr\/blog\/nextcloud-enterprise-day-paris-2024-reservez-votre-place-maintenant-2\/#breadcrumb\"},\"inLanguage\":\"fr-FR\",\"potentialAction\":[{\"@type\":\"ReadAction\",\"target\":[\"https:\/\/nextcloud.com\/fr\/blog\/nextcloud-enterprise-day-paris-2024-reservez-votre-place-maintenant-2\/\"]}]},{\"@type\":\"ImageObject\",\"inLanguage\":\"fr-FR\",\"@id\":\"https:\/\/nextcloud.com\/fr\/blog\/nextcloud-enterprise-day-paris-2024-reservez-votre-place-maintenant-2\/#primaryimage\",\"url\":\"https:\/\/nextcloud.com\/c\/uploads\/2024\/01\/Enterprise-Day-Paris-Template.png\",\"contentUrl\":\"https:\/\/nextcloud.com\/c\/uploads\/2024\/01\/Enterprise-Day-Paris-Template.png\",\"width\":1920,\"height\":1080},{\"@type\":\"BreadcrumbList\",\"@id\":\"https:\/\/nextcloud.com\/fr\/blog\/nextcloud-enterprise-day-paris-2024-reservez-votre-place-maintenant-2\/#breadcrumb\",\"itemListElement\":[{\"@type\":\"ListItem\",\"position\":1,\"name\":\"Home\",\"item\":\"https:\/\/nextcloud.com\/fr\/\"},{\"@type\":\"ListItem\",\"position\":2,\"name\":\"Nextcloud Enterprise Day arrive \u00e0 Paris : participez \u00e0 l&#8217;\u00e9v\u00e9nement de lancement du produit !\"}]},{\"@type\":\"WebSite\",\"@id\":\"https:\/\/nextcloud.com\/fr\/#website\",\"url\":\"https:\/\/nextcloud.com\/fr\/\",\"name\":\"Nextcloud\",\"description\":\"Regain control over your data\",\"publisher\":{\"@id\":\"https:\/\/nextcloud.com\/fr\/#organization\"},\"potentialAction\":[{\"@type\":\"SearchAction\",\"target\":{\"@type\":\"EntryPoint\",\"urlTemplate\":\"https:\/\/nextcloud.com\/fr\/?s={search_term_string}\"},\"query-input\":{\"@type\":\"PropertyValueSpecification\",\"valueRequired\":true,\"valueName\":\"search_term_string\"}}],\"inLanguage\":\"fr-FR\"},{\"@type\":\"Organization\",\"@id\":\"https:\/\/nextcloud.com\/fr\/#organization\",\"name\":\"Nextcloud\",\"url\":\"https:\/\/nextcloud.com\/fr\/\",\"logo\":{\"@type\":\"ImageObject\",\"inLanguage\":\"fr-FR\",\"@id\":\"https:\/\/nextcloud.com\/fr\/#\/schema\/logo\/image\/\",\"url\":\"https:\/\/nextcloud.com\/c\/uploads\/2022\/10\/nextcloud-logo-blue-transparent.svg\",\"contentUrl\":\"https:\/\/nextcloud.com\/c\/uploads\/2022\/10\/nextcloud-logo-blue-transparent.svg\",\"width\":\"1024\",\"height\":\"1024\",\"caption\":\"Nextcloud\"},\"image\":{\"@id\":\"https:\/\/nextcloud.com\/fr\/#\/schema\/logo\/image\/\"},\"sameAs\":[\"https:\/\/www.facebook.com\/Nextclouders\/\",\"https:\/\/x.com\/nextclouders\",\"https:\/\/www.linkedin.com\/company\/10827569\/\",\"https:\/\/youtube.com\/nextcloud\",\"https:\/\/www.instagram.com\/nextclouders\/\"]},{\"@type\":\"Person\",\"@id\":\"https:\/\/nextcloud.com\/fr\/#\/schema\/person\/acb42b454c58f5ada0cc6928d0dc9810\",\"name\":\"Estelle Bachacou\",\"image\":{\"@type\":\"ImageObject\",\"inLanguage\":\"fr-FR\",\"@id\":\"https:\/\/nextcloud.com\/fr\/#\/schema\/person\/image\/\",\"url\":\"https:\/\/secure.gravatar.com\/avatar\/e9252b4c5cd227b2f00923f9ede13c1dde920f0d72326a107b5d86d455fbb59f?s=96&d=mm&r=g\",\"contentUrl\":\"https:\/\/secure.gravatar.com\/avatar\/e9252b4c5cd227b2f00923f9ede13c1dde920f0d72326a107b5d86d455fbb59f?s=96&d=mm&r=g\",\"caption\":\"Estelle Bachacou\"}}]}<\/script>\n<!-- \/ Yoast SEO plugin. -->","yoast_head_json":{"title":"Nextcloud Enterprise Day arrive \u00e0 Paris : participez \u00e0 l'\u00e9v\u00e9nement de lancement du produit ! - Nextcloud","robots":{"index":"index","follow":"follow","max-snippet":"max-snippet:-1","max-image-preview":"max-image-preview:large","max-video-preview":"max-video-preview:-1"},"canonical":"https:\/\/nextcloud.com\/fr\/blog\/nextcloud-enterprise-day-paris-2024-reservez-votre-place-maintenant-2\/","og_locale":"fr_FR","og_type":"article","og_title":"Nextcloud Enterprise Day arrive \u00e0 Paris : participez \u00e0 l'\u00e9v\u00e9nement de lancement du produit ! - Nextcloud","og_description":"Le 3 d\u00e9cembre prochain, nous vous invitons au Nextcloud Enterprise Day Paris, l\u2019\u00e9v\u00e9nement phare de Nextcloud d\u00e9di\u00e9 aux professionnels. La journ\u00e9e commencera avec une keynote de notre PDG et fondateur Frank Karlitschek, un moment fort o\u00f9 il partagera notre vision de l\u2019avenir de la collaboration en ligne, suivie d'une annonce majeure concernant Nextcloud Talk !","og_url":"https:\/\/nextcloud.com\/fr\/blog\/nextcloud-enterprise-day-paris-2024-reservez-votre-place-maintenant-2\/","og_site_name":"Nextcloud","article_publisher":"https:\/\/www.facebook.com\/Nextclouders\/","article_published_time":"2024-11-18T12:05:42+00:00","article_modified_time":"2024-11-21T19:44:59+00:00","og_image":[{"width":1920,"height":1080,"url":"https:\/\/nextcloud.com\/c\/uploads\/2024\/01\/Enterprise-Day-Paris-Template.png","type":"image\/png"}],"author":"Estelle Bachacou","twitter_card":"summary_large_image","twitter_creator":"@nextclouders","twitter_site":"@nextclouders","twitter_misc":{"\u00c9crit par":"Estelle Bachacou","Dur\u00e9e de lecture estim\u00e9e":"4 minutes"},"schema":{"@context":"https:\/\/schema.org","@graph":[{"@type":"Article","@id":"https:\/\/nextcloud.com\/fr\/blog\/nextcloud-enterprise-day-paris-2024-reservez-votre-place-maintenant-2\/#article","isPartOf":{"@id":"https:\/\/nextcloud.com\/fr\/blog\/nextcloud-enterprise-day-paris-2024-reservez-votre-place-maintenant-2\/"},"author":{"name":"Estelle Bachacou","@id":"https:\/\/nextcloud.com\/fr\/#\/schema\/person\/acb42b454c58f5ada0cc6928d0dc9810"},"headline":"Nextcloud Enterprise Day arrive \u00e0 Paris : participez \u00e0 l&rsquo;\u00e9v\u00e9nement de lancement du produit !","datePublished":"2024-11-18T12:05:42+00:00","dateModified":"2024-11-21T19:44:59+00:00","mainEntityOfPage":{"@id":"https:\/\/nextcloud.com\/fr\/blog\/nextcloud-enterprise-day-paris-2024-reservez-votre-place-maintenant-2\/"},"wordCount":878,"publisher":{"@id":"https:\/\/nextcloud.com\/fr\/#organization"},"image":{"@id":"https:\/\/nextcloud.com\/fr\/blog\/nextcloud-enterprise-day-paris-2024-reservez-votre-place-maintenant-2\/#primaryimage"},"thumbnailUrl":"https:\/\/nextcloud.com\/c\/uploads\/2024\/01\/Enterprise-Day-Paris-Template.png","articleSection":["Blog","Conference","Entreprise"],"inLanguage":"fr-FR"},{"@type":"WebPage","@id":"https:\/\/nextcloud.com\/fr\/blog\/nextcloud-enterprise-day-paris-2024-reservez-votre-place-maintenant-2\/","url":"https:\/\/nextcloud.com\/fr\/blog\/nextcloud-enterprise-day-paris-2024-reservez-votre-place-maintenant-2\/","name":"Nextcloud Enterprise Day arrive \u00e0 Paris : participez \u00e0 l'\u00e9v\u00e9nement de lancement du produit ! - Nextcloud","isPartOf":{"@id":"https:\/\/nextcloud.com\/fr\/#website"},"primaryImageOfPage":{"@id":"https:\/\/nextcloud.com\/fr\/blog\/nextcloud-enterprise-day-paris-2024-reservez-votre-place-maintenant-2\/#primaryimage"},"image":{"@id":"https:\/\/nextcloud.com\/fr\/blog\/nextcloud-enterprise-day-paris-2024-reservez-votre-place-maintenant-2\/#primaryimage"},"thumbnailUrl":"https:\/\/nextcloud.com\/c\/uploads\/2024\/01\/Enterprise-Day-Paris-Template.png","datePublished":"2024-11-18T12:05:42+00:00","dateModified":"2024-11-21T19:44:59+00:00","breadcrumb":{"@id":"https:\/\/nextcloud.com\/fr\/blog\/nextcloud-enterprise-day-paris-2024-reservez-votre-place-maintenant-2\/#breadcrumb"},"inLanguage":"fr-FR","potentialAction":[{"@type":"ReadAction","target":["https:\/\/nextcloud.com\/fr\/blog\/nextcloud-enterprise-day-paris-2024-reservez-votre-place-maintenant-2\/"]}]},{"@type":"ImageObject","inLanguage":"fr-FR","@id":"https:\/\/nextcloud.com\/fr\/blog\/nextcloud-enterprise-day-paris-2024-reservez-votre-place-maintenant-2\/#primaryimage","url":"https:\/\/nextcloud.com\/c\/uploads\/2024\/01\/Enterprise-Day-Paris-Template.png","contentUrl":"https:\/\/nextcloud.com\/c\/uploads\/2024\/01\/Enterprise-Day-Paris-Template.png","width":1920,"height":1080},{"@type":"BreadcrumbList","@id":"https:\/\/nextcloud.com\/fr\/blog\/nextcloud-enterprise-day-paris-2024-reservez-votre-place-maintenant-2\/#breadcrumb","itemListElement":[{"@type":"ListItem","position":1,"name":"Home","item":"https:\/\/nextcloud.com\/fr\/"},{"@type":"ListItem","position":2,"name":"Nextcloud Enterprise Day arrive \u00e0 Paris : participez \u00e0 l&#8217;\u00e9v\u00e9nement de lancement du produit !"}]},{"@type":"WebSite","@id":"https:\/\/nextcloud.com\/fr\/#website","url":"https:\/\/nextcloud.com\/fr\/","name":"Nextcloud","description":"Regain control over your data","publisher":{"@id":"https:\/\/nextcloud.com\/fr\/#organization"},"potentialAction":[{"@type":"SearchAction","target":{"@type":"EntryPoint","urlTemplate":"https:\/\/nextcloud.com\/fr\/?s={search_term_string}"},"query-input":{"@type":"PropertyValueSpecification","valueRequired":true,"valueName":"search_term_string"}}],"inLanguage":"fr-FR"},{"@type":"Organization","@id":"https:\/\/nextcloud.com\/fr\/#organization","name":"Nextcloud","url":"https:\/\/nextcloud.com\/fr\/","logo":{"@type":"ImageObject","inLanguage":"fr-FR","@id":"https:\/\/nextcloud.com\/fr\/#\/schema\/logo\/image\/","url":"https:\/\/nextcloud.com\/c\/uploads\/2022\/10\/nextcloud-logo-blue-transparent.svg","contentUrl":"https:\/\/nextcloud.com\/c\/uploads\/2022\/10\/nextcloud-logo-blue-transparent.svg","width":"1024","height":"1024","caption":"Nextcloud"},"image":{"@id":"https:\/\/nextcloud.com\/fr\/#\/schema\/logo\/image\/"},"sameAs":["https:\/\/www.facebook.com\/Nextclouders\/","https:\/\/x.com\/nextclouders","https:\/\/www.linkedin.com\/company\/10827569\/","https:\/\/youtube.com\/nextcloud","https:\/\/www.instagram.com\/nextclouders\/"]},{"@type":"Person","@id":"https:\/\/nextcloud.com\/fr\/#\/schema\/person\/acb42b454c58f5ada0cc6928d0dc9810","name":"Estelle Bachacou","image":{"@type":"ImageObject","inLanguage":"fr-FR","@id":"https:\/\/nextcloud.com\/fr\/#\/schema\/person\/image\/","url":"https:\/\/secure.gravatar.com\/avatar\/e9252b4c5cd227b2f00923f9ede13c1dde920f0d72326a107b5d86d455fbb59f?s=96&d=mm&r=g","contentUrl":"https:\/\/secure.gravatar.com\/avatar\/e9252b4c5cd227b2f00923f9ede13c1dde920f0d72326a107b5d86d455fbb59f?s=96&d=mm&r=g","caption":"Estelle Bachacou"}}]}},"featured_media_url":"https:\/\/nextcloud.com\/c\/uploads\/2024\/01\/Enterprise-Day-Paris-Template.png","_links":{"self":[{"href":"https:\/\/nextcloud.com\/fr\/wp-json\/wp\/v2\/posts\/267927","targetHints":{"allow":["GET"]}}],"collection":[{"href":"https:\/\/nextcloud.com\/fr\/wp-json\/wp\/v2\/posts"}],"about":[{"href":"https:\/\/nextcloud.com\/fr\/wp-json\/wp\/v2\/types\/post"}],"author":[{"embeddable":true,"href":"https:\/\/nextcloud.com\/fr\/wp-json\/wp\/v2\/users\/36"}],"replies":[{"embeddable":true,"href":"https:\/\/nextcloud.com\/fr\/wp-json\/wp\/v2\/comments?post=267927"}],"version-history":[{"count":24,"href":"https:\/\/nextcloud.com\/fr\/wp-json\/wp\/v2\/posts\/267927\/revisions"}],"predecessor-version":[{"id":269954,"href":"https:\/\/nextcloud.com\/fr\/wp-json\/wp\/v2\/posts\/267927\/revisions\/269954"}],"wp:featuredmedia":[{"embeddable":true,"href":"https:\/\/nextcloud.com\/fr\/wp-json\/wp\/v2\/media\/267932"}],"wp:attachment":[{"href":"https:\/\/nextcloud.com\/fr\/wp-json\/wp\/v2\/media?parent=267927"}],"wp:term":[{"taxonomy":"category","embeddable":true,"href":"https:\/\/nextcloud.com\/fr\/wp-json\/wp\/v2\/categories?post=267927"},{"taxonomy":"post_tag","embeddable":true,"href":"https:\/\/nextcloud.com\/fr\/wp-json\/wp\/v2\/tags?post=267927"}],"curies":[{"name":"wp","href":"https:\/\/api.w.org\/{rel}","templated":true}]}}