{"id":130759,"date":"2023-07-14T14:22:10","date_gmt":"2023-07-14T12:22:10","guid":{"rendered":"https:\/\/nextcloud.com\/?p=130759"},"modified":"2024-05-22T09:16:06","modified_gmt":"2024-05-22T07:16:06","slug":"handelsblatt-se-penche-sur-la-face-cachee-de-microsoft","status":"publish","type":"post","link":"https:\/\/nextcloud.com\/fr\/blog\/handelsblatt-se-penche-sur-la-face-cachee-de-microsoft\/","title":{"rendered":"Le journal Handelsblatt \u00e9voque la face cach\u00e9e de Microsoft"},"content":{"rendered":"<div class=\"wp-block-image imageRoundShadow with-caption\">\n<figure class=\"alignright size-full is-resized\"><img decoding=\"async\" src=\"https:\/\/nextcloud.com\/wp-content\/uploads\/2023\/07\/Microsoft-CEO-Satya-Natella-as-a-robot-painted-by-AI.jpeg\" alt=\"\" class=\"wp-image-130361\" width=\"265\" height=\"265\" srcset=\"https:\/\/nextcloud.com\/c\/uploads\/2023\/07\/Microsoft-CEO-Satya-Natella-as-a-robot-painted-by-AI.jpeg 512w, https:\/\/nextcloud.com\/c\/uploads\/2023\/07\/Microsoft-CEO-Satya-Natella-as-a-robot-painted-by-AI-300x300.jpeg 300w, https:\/\/nextcloud.com\/c\/uploads\/2023\/07\/Microsoft-CEO-Satya-Natella-as-a-robot-painted-by-AI-150x150.jpeg 150w\" sizes=\"(max-width: 265px) 100vw, 265px\" \/><figcaption class=\"wp-element-caption\"><em>Satya Nadella, PDG de Microsoft, imagin\u00e9 par l&rsquo;IA comme un robot<\/em><\/figcaption><\/figure>\n<\/div>\n<p>Aujourd&rsquo;hui, Handelsblatt a \u00e9voqu\u00e9 <a href=\"https:\/\/www.handelsblatt.com\/technik\/it-internet\/das-microsoft-prinzip-wie-sich-microsoft-mit-ki-neu-erfunden-hat\/29254740.html\" target=\"_blank\" rel=\"noreferrer noopener\">la plainte antitrust d\u00e9pos\u00e9e par Nextcloud contre Microsoft<\/a> en citant Frank Karlitschek, PDG de Nextcloud, dans le cadre d&rsquo;un article complet sur la c\u00e9l\u00e8bre soci\u00e9t\u00e9 informatique am\u00e9ricaine. L&rsquo;affaire antitrust, ouverte au d\u00e9but de l&rsquo;ann\u00e9e 2021, n&rsquo;a apparemment pas progress\u00e9. Une affaire similaire lanc\u00e9e par le fournisseur de services de messagerie instantan\u00e9e Slack, bas\u00e9 aux \u00c9tats-Unis, a notamment connu des avanc\u00e9es. Microsoft a \u00a0\u00bb d\u00e9lib\u00e9r\u00e9ment \u00a0\u00bb mis fin \u00e0 l&rsquo;int\u00e9gration de Teams dans Office afin d&rsquo;<a href=\"https:\/\/www.irishtimes.com\/business\/2023\/04\/24\/microsoft-agrees-to-stop-bundling-teams-with-office-to-avoid-eu-regulatory-investigation\/\" target=\"_blank\" rel=\"noreferrer noopener\">\u00e9viter un examen approfondi de la part des autorit\u00e9s de r\u00e9gulation de l&rsquo;UE<\/a>. La plainte d\u00e9pos\u00e9e par 30 entreprises de la tech europ\u00e9enne contre Microsoft semble avoir suscit\u00e9 moins d&rsquo;attention et de progr\u00e8s que le conflit entre les g\u00e9ants de la tech.<\/p>\n\n<h2 class=\"wp-block-heading\" id=\"h-continued-focus-on-exploiting-market-power\">Maintien de sa position dominante sur le march\u00e9<\/h2>\n\n<div style=\"height:4px\" aria-hidden=\"true\" class=\"wp-block-spacer\"><\/div>\n\n<blockquote class=\"wp-block-quote is-layout-flow wp-block-quote-is-layout-flow\">\n<p>Exploiter sa position dominant sur le march\u00e9 &#8211; le succ\u00e8s des entrerpises dans le secteur informatique repose encore souvent sur le fait de rendre les clients d\u00e9pendants de ses propres produits, puis de leur vendre de nouveaux services et d&rsquo;\u00e9vincer ainsi les concurrents de ce march\u00e9. Microsoft ne fait pas exception \u00e0 la r\u00e8gle sous la direction de Nadella.<\/p>\n<cite>Handelsblatt, d\u00e9crivant l&rsquo;un des 5 principes cl\u00e9s de la fa\u00e7on dont Microsoft g\u00e8re ses activit\u00e9s.<\/cite><\/blockquote>\n\n<blockquote class=\"wp-block-quote is-layout-flow wp-block-quote-is-layout-flow\">\n<p>\u00ab\u00a0Microsoft a beaucoup appris de ses conflits avec l&rsquo;UE et d&rsquo;autres autorit\u00e9s au cours des 20 derni\u00e8res ann\u00e9es\u00a0\u00bb, d\u00e9clare M. Karlitschek, \u00ab\u00a0les pratiques commerciales de Microsoft sont plus strictes que jamais, mais les activit\u00e9s de lobbying et de relations publiques sont \u00e9galement plus efficaces que jamais\u00a0\u00bb.<\/p>\n<cite>Handelsblatt, citant Frank Karlitschek, PDG de Nextcloud GmbH<\/cite><\/blockquote>\n\n<p>Nextcloud et les autres membres de la coalition se f\u00e9licitent de la r\u00e9solution de l&rsquo;affaire Slack. Cela signifie qu&rsquo;un cas d&rsquo;abus de position dominante par regroupement a \u00e9t\u00e9 partiellement r\u00e9solu. Cependant, ne pas int\u00e9grer Teams dans Office n&rsquo;a pratiquement aucune importance, car Teams est d\u00e9sormais livr\u00e9 et disponible de mani\u00e8re bien visible dans la barre des t\u00e2ches lors d&rsquo;une nouvelle installation de Windows. Comme le souligne l&rsquo;article du Handelsblatt, Microsoft continue de renforcer sa position sur le march\u00e9, en s&rsquo;appuyant sur son \u00e9crasante part de march\u00e9 dans le domaine de la bureautique.<\/p>\n\n<blockquote class=\"wp-block-quote is-layout-flow wp-block-quote-is-layout-flow\">\n<p>Microsoft continuera \u00e0 consolider sa position dans l&rsquo;\u00e9conomie au cours des prochaines ann\u00e9es. \u00c0 l&rsquo;\u00e8re du cloud, il est d\u00e9j\u00e0 difficile de passer \u00e0 un service concurrent, et l&rsquo;intelligence artificielle est d\u00e9sormais int\u00e9gr\u00e9e \u00e0 l&rsquo;ensemble du portefeuille de Microsoft. La fid\u00e9lisation clients, appel\u00e9e \u00ab\u00a0vendor lock-in\u00a0\u00bb dans le jargon informatique, est de plus en plus forte<\/p>\n<cite>Handelsblatt<\/cite><\/blockquote>\n\n<p>Int\u00e9grer en profondeur des services comme OneDrive et Teams dans Office et Windows est une tactique qui a bien servi Microsoft dans les ann\u00e9es 90 lors de la lutte contre le navigateur Netscape. De m\u00eame, les utilisateurs continuent d&rsquo;\u00eatre pouss\u00e9s \u00e0 \u00ab\u00a0se connecter \u00e0 leur compte OneDrive\u00a0\u00bb. \u00c9tant donn\u00e9 que la cr\u00e9ation d&rsquo;un compte Microsoft est d\u00e9sormais obligatoire lors de l&rsquo;installation de Windows, tous les utilisateurs disposent pratiquement d&rsquo;un tel compte, m\u00eame s&rsquo;ils n&rsquo;y ont jamais pens\u00e9.<\/p>\n\n<blockquote class=\"wp-block-quote is-layout-flow wp-block-quote-is-layout-flow\">\n<p>Le directeur informatique d&rsquo;une entreprise allemande indique qu&rsquo;il est pratiquement impossible pour son organisation de se d\u00e9tacher de Microsoft.<\/p>\n<cite>Handelsblatt<\/cite><\/blockquote>\n\n<p>Cette position dominante sur le march\u00e9 permet d&rsquo;obtenir des gains financiers importants aupr\u00e8s des clients. \u00c0 l&rsquo;heure actuelle, le prix catalogue du 365 E5 est d&rsquo;environ 60 euros, et Microsoft sait qu&rsquo;il dispose de tous les leviers n\u00e9cessaires pour augmenter ce prix et accro\u00eetre encore sa rentabilit\u00e9. Comme le rapporte Handelsblatt :<\/p>\n\n<blockquote class=\"wp-block-quote is-layout-flow wp-block-quote-is-layout-flow\">\n<p>La directrice financi\u00e8re, Amy Hood, a expliqu\u00e9 \u00e0 plusieurs reprises aux analystes comment le pack permettrait d&rsquo;augmenter les ventes par utilisateur. En avril, par exemple, le groupe a impos\u00e9 une surtaxe de 11 % pour la suite bureautique Office 365 et le pack de produits Microsoft 365 afin d'\u00a0\u00bbharmoniser\u00a0\u00bb les fluctuations des taux de change, selon la justification officielle.<\/p>\n<cite>Handelsblatt<\/cite><\/blockquote>\n\n<h2 class=\"wp-block-heading\" id=\"h-ai-as-a-multiplier\">L&rsquo;IA comme facteur multiplicateur<\/h2>\n\n<p>L&rsquo;IA permettra \u00e0 Microsoft d&rsquo;atteindre un nouveau niveau de performance, ce dont l&rsquo;entreprise \u00e9tait parfaitement consciente d\u00e8s le d\u00e9but. L&rsquo;investissement de plusieurs milliards de dollars dans OpenAI a donn\u00e9 \u00e0 Microsoft une longueur d&rsquo;avance sur la concurrence. Handelsblatt conclut ainsi son article :<\/p>\n\n<blockquote class=\"wp-block-quote is-layout-flow wp-block-quote-is-layout-flow\">\n<p>L&rsquo;objectif de M. Nadella est de mettre en place des assistants IA dans tous les domaines de la vie : \u00ab\u00a0Je r\u00eave que chacun des huit milliards d&rsquo;habitants de la plan\u00e8te puisse avoir un tuteur IA, un m\u00e9decin IA, un programmeur, voire un consultant\u00a0\u00bb.<\/p>\n\n\n\n<p>De la part de Microsoft, bien s\u00fbr, et peut-\u00eatre avec l&rsquo;aide d&rsquo;OpenAI. Il n&rsquo;est gu\u00e8re possible que la mentalit\u00e9 \u00e9volue davantage.<\/p>\n<cite>Handelsblatt<\/cite><\/blockquote>\n\n<p>En effet, le fait de poss\u00e9der les donn\u00e9es de tout le monde pour pouvoir former des IA comme ChatGPT donne \u00e0 Microsoft un pouvoir quasi illimit\u00e9. Malheureusement, nous doutons que le reste de la soci\u00e9t\u00e9 b\u00e9n\u00e9ficie du monopole de ce g\u00e9ant informatique et il est regrettable que les gouvernements semblent incapables de r\u00e9agir.<\/p>\n\n<p>Chez Nextcloud, nous pensons qu&rsquo;il existe des solutions \u00e0 ces probl\u00e8mes. Avec notre <a href=\"https:\/\/nextcloud.com\/fr\/blog\/systeme-devaluation-nextcloud-ethical-ai\/\">syst\u00e8me d&rsquo;\u00e9valuation de l&rsquo;IA \u00e9thique<\/a>, nous commen\u00e7ons \u00e0 explorer une multitude de solutions avec des int\u00e9grations d&rsquo;IA qui offrent plus de transparence, de choix et de confidentialit\u00e9 des donn\u00e9es par d\u00e9faut.<\/p>\n\n<p>Pour en savoir plus sur l&rsquo;affaire antitrust qui nous oppose \u00e0 Microsoft, consultez le <a href=\"https:\/\/antitrust.nextcloud.com\" target=\"_blank\" rel=\"noreferrer noopener\">microsite consacr\u00e9 \u00e0 ce sujet ici<\/a>.<\/p>\n","protected":false},"excerpt":{"rendered":"<p>Aujourd&rsquo;hui, Handelsblatt a trait\u00e9 de la plainte antitrust d\u00e9pos\u00e9e contre Microsoft, dans le cadre d&rsquo;un article complet sur la c\u00e9l\u00e8bre soci\u00e9t\u00e9 informatique am\u00e9ricaine. L&rsquo;affaire antitrust, ouverte au d\u00e9but de l&rsquo;ann\u00e9e 2021, n&rsquo;a apparemment pas progress\u00e9.<\/p>\n","protected":false},"author":2,"featured_media":130383,"comment_status":"open","ping_status":"open","sticky":false,"template":"","format":"standard","meta":{"_acf_changed":false,"inline_featured_image":false,"publish_to_discourse":"","publish_post_category":"22","wpdc_auto_publish_overridden":"","wpdc_topic_tags":"","wpdc_pin_topic":"","wpdc_pin_until":"","discourse_post_id":"442203","discourse_permalink":"https:\/\/help.nextcloud.com\/t\/handelsblatt-covers-the-dark-side-of-microsoft\/166187","wpdc_publishing_response":"success","wpdc_publishing_error":"","footnotes":""},"categories":[273,279,280],"tags":[313,314,307,312,311],"class_list":["post-130759","post","type-post","status-publish","format-standard","has-post-thumbnail","hentry","category-blog-fr","category-entreprise","category-nouvelles","tag-ai","tag-antitrust","tag-ethical-ai","tag-handelsblatt","tag-microsoft"],"acf":[],"yoast_head":"<!-- This site is optimized with the Yoast SEO plugin v27.1.1 - https:\/\/yoast.com\/product\/yoast-seo-wordpress\/ -->\n<title>Le journal Handelsblatt \u00e9voque la face cach\u00e9e de Microsoft - Nextcloud<\/title>\n<meta name=\"description\" content=\"Aujourd&#039;hui, le journal Handelsblatt a couvert la plainte antitrust d\u00e9pos\u00e9e contre Microsoft, dans le cadre d&#039;un expos\u00e9 complet sur la c\u00e9l\u00e8bre soci\u00e9t\u00e9 technologique am\u00e9ricaine.\" \/>\n<meta name=\"robots\" content=\"index, follow, max-snippet:-1, max-image-preview:large, max-video-preview:-1\" \/>\n<link rel=\"canonical\" href=\"https:\/\/nextcloud.com\/fr\/blog\/handelsblatt-se-penche-sur-la-face-cachee-de-microsoft\/\" \/>\n<meta property=\"og:locale\" content=\"fr_FR\" \/>\n<meta property=\"og:type\" content=\"article\" \/>\n<meta property=\"og:title\" content=\"Le journal Handelsblatt \u00e9voque la face cach\u00e9e de Microsoft - Nextcloud\" \/>\n<meta property=\"og:description\" content=\"Aujourd&#039;hui, le journal Handelsblatt a couvert la plainte antitrust d\u00e9pos\u00e9e contre Microsoft, dans le cadre d&#039;un expos\u00e9 complet sur la c\u00e9l\u00e8bre soci\u00e9t\u00e9 technologique am\u00e9ricaine.\" \/>\n<meta property=\"og:url\" content=\"https:\/\/nextcloud.com\/fr\/blog\/handelsblatt-se-penche-sur-la-face-cachee-de-microsoft\/\" \/>\n<meta property=\"og:site_name\" content=\"Nextcloud\" \/>\n<meta property=\"article:publisher\" content=\"https:\/\/www.facebook.com\/Nextclouders\/\" \/>\n<meta property=\"article:published_time\" content=\"2023-07-14T12:22:10+00:00\" \/>\n<meta property=\"article:modified_time\" content=\"2024-05-22T07:16:06+00:00\" \/>\n<meta property=\"og:image\" content=\"https:\/\/nextcloud.com\/c\/uploads\/2023\/07\/nextcloud-handelsblatt-microsoft-satya-nadella-AI-feat-image.jpg\" \/>\n\t<meta property=\"og:image:width\" content=\"1600\" \/>\n\t<meta property=\"og:image:height\" content=\"900\" \/>\n\t<meta property=\"og:image:type\" content=\"image\/jpeg\" \/>\n<meta name=\"author\" content=\"Jos Poortvliet\" \/>\n<meta name=\"twitter:card\" content=\"summary_large_image\" \/>\n<meta name=\"twitter:creator\" content=\"@nextclouders\" \/>\n<meta name=\"twitter:site\" content=\"@nextclouders\" \/>\n<meta name=\"twitter:label1\" content=\"\u00c9crit par\" \/>\n\t<meta name=\"twitter:data1\" content=\"Jos Poortvliet\" \/>\n\t<meta name=\"twitter:label2\" content=\"Dur\u00e9e de lecture estim\u00e9e\" \/>\n\t<meta name=\"twitter:data2\" content=\"5 minutes\" \/>\n<script type=\"application\/ld+json\" class=\"yoast-schema-graph\">{\"@context\":\"https:\/\/schema.org\",\"@graph\":[{\"@type\":\"Article\",\"@id\":\"https:\/\/nextcloud.com\/fr\/blog\/handelsblatt-se-penche-sur-la-face-cachee-de-microsoft\/#article\",\"isPartOf\":{\"@id\":\"https:\/\/nextcloud.com\/fr\/blog\/handelsblatt-se-penche-sur-la-face-cachee-de-microsoft\/\"},\"author\":{\"name\":\"Jos Poortvliet\",\"@id\":\"https:\/\/nextcloud.com\/fr\/#\/schema\/person\/c3c1a52fbc1c6a2be2f1df8818daa8c2\"},\"headline\":\"Le journal Handelsblatt \u00e9voque la face cach\u00e9e de Microsoft\",\"datePublished\":\"2023-07-14T12:22:10+00:00\",\"dateModified\":\"2024-05-22T07:16:06+00:00\",\"mainEntityOfPage\":{\"@id\":\"https:\/\/nextcloud.com\/fr\/blog\/handelsblatt-se-penche-sur-la-face-cachee-de-microsoft\/\"},\"wordCount\":968,\"commentCount\":0,\"publisher\":{\"@id\":\"https:\/\/nextcloud.com\/fr\/#organization\"},\"image\":{\"@id\":\"https:\/\/nextcloud.com\/fr\/blog\/handelsblatt-se-penche-sur-la-face-cachee-de-microsoft\/#primaryimage\"},\"thumbnailUrl\":\"https:\/\/nextcloud.com\/c\/uploads\/2023\/07\/nextcloud-handelsblatt-microsoft-satya-nadella-AI-feat-image.jpg\",\"keywords\":[\"AI\",\"antitrust\",\"ethical AI\",\"Handelsblatt\",\"Microsoft\"],\"articleSection\":[\"Blog\",\"Entreprise\",\"Nouvelles\"],\"inLanguage\":\"fr-FR\",\"potentialAction\":[{\"@type\":\"CommentAction\",\"name\":\"Comment\",\"target\":[\"https:\/\/nextcloud.com\/fr\/blog\/handelsblatt-se-penche-sur-la-face-cachee-de-microsoft\/#respond\"]}]},{\"@type\":\"WebPage\",\"@id\":\"https:\/\/nextcloud.com\/fr\/blog\/handelsblatt-se-penche-sur-la-face-cachee-de-microsoft\/\",\"url\":\"https:\/\/nextcloud.com\/fr\/blog\/handelsblatt-se-penche-sur-la-face-cachee-de-microsoft\/\",\"name\":\"Le journal Handelsblatt \u00e9voque la face cach\u00e9e de Microsoft - Nextcloud\",\"isPartOf\":{\"@id\":\"https:\/\/nextcloud.com\/fr\/#website\"},\"primaryImageOfPage\":{\"@id\":\"https:\/\/nextcloud.com\/fr\/blog\/handelsblatt-se-penche-sur-la-face-cachee-de-microsoft\/#primaryimage\"},\"image\":{\"@id\":\"https:\/\/nextcloud.com\/fr\/blog\/handelsblatt-se-penche-sur-la-face-cachee-de-microsoft\/#primaryimage\"},\"thumbnailUrl\":\"https:\/\/nextcloud.com\/c\/uploads\/2023\/07\/nextcloud-handelsblatt-microsoft-satya-nadella-AI-feat-image.jpg\",\"datePublished\":\"2023-07-14T12:22:10+00:00\",\"dateModified\":\"2024-05-22T07:16:06+00:00\",\"description\":\"Aujourd'hui, le journal Handelsblatt a couvert la plainte antitrust d\u00e9pos\u00e9e contre Microsoft, dans le cadre d'un expos\u00e9 complet sur la c\u00e9l\u00e8bre soci\u00e9t\u00e9 technologique am\u00e9ricaine.\",\"breadcrumb\":{\"@id\":\"https:\/\/nextcloud.com\/fr\/blog\/handelsblatt-se-penche-sur-la-face-cachee-de-microsoft\/#breadcrumb\"},\"inLanguage\":\"fr-FR\",\"potentialAction\":[{\"@type\":\"ReadAction\",\"target\":[\"https:\/\/nextcloud.com\/fr\/blog\/handelsblatt-se-penche-sur-la-face-cachee-de-microsoft\/\"]}]},{\"@type\":\"ImageObject\",\"inLanguage\":\"fr-FR\",\"@id\":\"https:\/\/nextcloud.com\/fr\/blog\/handelsblatt-se-penche-sur-la-face-cachee-de-microsoft\/#primaryimage\",\"url\":\"https:\/\/nextcloud.com\/c\/uploads\/2023\/07\/nextcloud-handelsblatt-microsoft-satya-nadella-AI-feat-image.jpg\",\"contentUrl\":\"https:\/\/nextcloud.com\/c\/uploads\/2023\/07\/nextcloud-handelsblatt-microsoft-satya-nadella-AI-feat-image.jpg\",\"width\":1600,\"height\":900,\"caption\":\"Handelsblatt covers the dark side of Microsoft\"},{\"@type\":\"BreadcrumbList\",\"@id\":\"https:\/\/nextcloud.com\/fr\/blog\/handelsblatt-se-penche-sur-la-face-cachee-de-microsoft\/#breadcrumb\",\"itemListElement\":[{\"@type\":\"ListItem\",\"position\":1,\"name\":\"Home\",\"item\":\"https:\/\/nextcloud.com\/fr\/\"},{\"@type\":\"ListItem\",\"position\":2,\"name\":\"Le journal Handelsblatt \u00e9voque la face cach\u00e9e de Microsoft\"}]},{\"@type\":\"WebSite\",\"@id\":\"https:\/\/nextcloud.com\/fr\/#website\",\"url\":\"https:\/\/nextcloud.com\/fr\/\",\"name\":\"Nextcloud\",\"description\":\"Regain control over your data\",\"publisher\":{\"@id\":\"https:\/\/nextcloud.com\/fr\/#organization\"},\"potentialAction\":[{\"@type\":\"SearchAction\",\"target\":{\"@type\":\"EntryPoint\",\"urlTemplate\":\"https:\/\/nextcloud.com\/fr\/?s={search_term_string}\"},\"query-input\":{\"@type\":\"PropertyValueSpecification\",\"valueRequired\":true,\"valueName\":\"search_term_string\"}}],\"inLanguage\":\"fr-FR\"},{\"@type\":\"Organization\",\"@id\":\"https:\/\/nextcloud.com\/fr\/#organization\",\"name\":\"Nextcloud\",\"url\":\"https:\/\/nextcloud.com\/fr\/\",\"logo\":{\"@type\":\"ImageObject\",\"inLanguage\":\"fr-FR\",\"@id\":\"https:\/\/nextcloud.com\/fr\/#\/schema\/logo\/image\/\",\"url\":\"https:\/\/nextcloud.com\/c\/uploads\/2022\/10\/nextcloud-logo-blue-transparent.svg\",\"contentUrl\":\"https:\/\/nextcloud.com\/c\/uploads\/2022\/10\/nextcloud-logo-blue-transparent.svg\",\"width\":\"1024\",\"height\":\"1024\",\"caption\":\"Nextcloud\"},\"image\":{\"@id\":\"https:\/\/nextcloud.com\/fr\/#\/schema\/logo\/image\/\"},\"sameAs\":[\"https:\/\/www.facebook.com\/Nextclouders\/\",\"https:\/\/x.com\/nextclouders\",\"https:\/\/www.linkedin.com\/company\/10827569\/\",\"https:\/\/youtube.com\/nextcloud\",\"https:\/\/www.instagram.com\/nextclouders\/\"]},{\"@type\":\"Person\",\"@id\":\"https:\/\/nextcloud.com\/fr\/#\/schema\/person\/c3c1a52fbc1c6a2be2f1df8818daa8c2\",\"name\":\"Jos Poortvliet\",\"image\":{\"@type\":\"ImageObject\",\"inLanguage\":\"fr-FR\",\"@id\":\"https:\/\/nextcloud.com\/fr\/#\/schema\/person\/image\/\",\"url\":\"https:\/\/secure.gravatar.com\/avatar\/1c6de64891ee8c4902e1ac198f26ea5fb202d8bbaa7bce35b6a184610bbe4a3d?s=96&d=mm&r=g\",\"contentUrl\":\"https:\/\/secure.gravatar.com\/avatar\/1c6de64891ee8c4902e1ac198f26ea5fb202d8bbaa7bce35b6a184610bbe4a3d?s=96&d=mm&r=g\",\"caption\":\"Jos Poortvliet\"}}]}<\/script>\n<!-- \/ Yoast SEO plugin. -->","yoast_head_json":{"title":"Le journal Handelsblatt \u00e9voque la face cach\u00e9e de Microsoft - Nextcloud","description":"Aujourd'hui, le journal Handelsblatt a couvert la plainte antitrust d\u00e9pos\u00e9e contre Microsoft, dans le cadre d'un expos\u00e9 complet sur la c\u00e9l\u00e8bre soci\u00e9t\u00e9 technologique am\u00e9ricaine.","robots":{"index":"index","follow":"follow","max-snippet":"max-snippet:-1","max-image-preview":"max-image-preview:large","max-video-preview":"max-video-preview:-1"},"canonical":"https:\/\/nextcloud.com\/fr\/blog\/handelsblatt-se-penche-sur-la-face-cachee-de-microsoft\/","og_locale":"fr_FR","og_type":"article","og_title":"Le journal Handelsblatt \u00e9voque la face cach\u00e9e de Microsoft - Nextcloud","og_description":"Aujourd'hui, le journal Handelsblatt a couvert la plainte antitrust d\u00e9pos\u00e9e contre Microsoft, dans le cadre d'un expos\u00e9 complet sur la c\u00e9l\u00e8bre soci\u00e9t\u00e9 technologique am\u00e9ricaine.","og_url":"https:\/\/nextcloud.com\/fr\/blog\/handelsblatt-se-penche-sur-la-face-cachee-de-microsoft\/","og_site_name":"Nextcloud","article_publisher":"https:\/\/www.facebook.com\/Nextclouders\/","article_published_time":"2023-07-14T12:22:10+00:00","article_modified_time":"2024-05-22T07:16:06+00:00","og_image":[{"width":1600,"height":900,"url":"https:\/\/nextcloud.com\/c\/uploads\/2023\/07\/nextcloud-handelsblatt-microsoft-satya-nadella-AI-feat-image.jpg","type":"image\/jpeg"}],"author":"Jos Poortvliet","twitter_card":"summary_large_image","twitter_creator":"@nextclouders","twitter_site":"@nextclouders","twitter_misc":{"\u00c9crit par":"Jos Poortvliet","Dur\u00e9e de lecture estim\u00e9e":"5 minutes"},"schema":{"@context":"https:\/\/schema.org","@graph":[{"@type":"Article","@id":"https:\/\/nextcloud.com\/fr\/blog\/handelsblatt-se-penche-sur-la-face-cachee-de-microsoft\/#article","isPartOf":{"@id":"https:\/\/nextcloud.com\/fr\/blog\/handelsblatt-se-penche-sur-la-face-cachee-de-microsoft\/"},"author":{"name":"Jos Poortvliet","@id":"https:\/\/nextcloud.com\/fr\/#\/schema\/person\/c3c1a52fbc1c6a2be2f1df8818daa8c2"},"headline":"Le journal Handelsblatt \u00e9voque la face cach\u00e9e de Microsoft","datePublished":"2023-07-14T12:22:10+00:00","dateModified":"2024-05-22T07:16:06+00:00","mainEntityOfPage":{"@id":"https:\/\/nextcloud.com\/fr\/blog\/handelsblatt-se-penche-sur-la-face-cachee-de-microsoft\/"},"wordCount":968,"commentCount":0,"publisher":{"@id":"https:\/\/nextcloud.com\/fr\/#organization"},"image":{"@id":"https:\/\/nextcloud.com\/fr\/blog\/handelsblatt-se-penche-sur-la-face-cachee-de-microsoft\/#primaryimage"},"thumbnailUrl":"https:\/\/nextcloud.com\/c\/uploads\/2023\/07\/nextcloud-handelsblatt-microsoft-satya-nadella-AI-feat-image.jpg","keywords":["AI","antitrust","ethical AI","Handelsblatt","Microsoft"],"articleSection":["Blog","Entreprise","Nouvelles"],"inLanguage":"fr-FR","potentialAction":[{"@type":"CommentAction","name":"Comment","target":["https:\/\/nextcloud.com\/fr\/blog\/handelsblatt-se-penche-sur-la-face-cachee-de-microsoft\/#respond"]}]},{"@type":"WebPage","@id":"https:\/\/nextcloud.com\/fr\/blog\/handelsblatt-se-penche-sur-la-face-cachee-de-microsoft\/","url":"https:\/\/nextcloud.com\/fr\/blog\/handelsblatt-se-penche-sur-la-face-cachee-de-microsoft\/","name":"Le journal Handelsblatt \u00e9voque la face cach\u00e9e de Microsoft - Nextcloud","isPartOf":{"@id":"https:\/\/nextcloud.com\/fr\/#website"},"primaryImageOfPage":{"@id":"https:\/\/nextcloud.com\/fr\/blog\/handelsblatt-se-penche-sur-la-face-cachee-de-microsoft\/#primaryimage"},"image":{"@id":"https:\/\/nextcloud.com\/fr\/blog\/handelsblatt-se-penche-sur-la-face-cachee-de-microsoft\/#primaryimage"},"thumbnailUrl":"https:\/\/nextcloud.com\/c\/uploads\/2023\/07\/nextcloud-handelsblatt-microsoft-satya-nadella-AI-feat-image.jpg","datePublished":"2023-07-14T12:22:10+00:00","dateModified":"2024-05-22T07:16:06+00:00","description":"Aujourd'hui, le journal Handelsblatt a couvert la plainte antitrust d\u00e9pos\u00e9e contre Microsoft, dans le cadre d'un expos\u00e9 complet sur la c\u00e9l\u00e8bre soci\u00e9t\u00e9 technologique am\u00e9ricaine.","breadcrumb":{"@id":"https:\/\/nextcloud.com\/fr\/blog\/handelsblatt-se-penche-sur-la-face-cachee-de-microsoft\/#breadcrumb"},"inLanguage":"fr-FR","potentialAction":[{"@type":"ReadAction","target":["https:\/\/nextcloud.com\/fr\/blog\/handelsblatt-se-penche-sur-la-face-cachee-de-microsoft\/"]}]},{"@type":"ImageObject","inLanguage":"fr-FR","@id":"https:\/\/nextcloud.com\/fr\/blog\/handelsblatt-se-penche-sur-la-face-cachee-de-microsoft\/#primaryimage","url":"https:\/\/nextcloud.com\/c\/uploads\/2023\/07\/nextcloud-handelsblatt-microsoft-satya-nadella-AI-feat-image.jpg","contentUrl":"https:\/\/nextcloud.com\/c\/uploads\/2023\/07\/nextcloud-handelsblatt-microsoft-satya-nadella-AI-feat-image.jpg","width":1600,"height":900,"caption":"Handelsblatt covers the dark side of Microsoft"},{"@type":"BreadcrumbList","@id":"https:\/\/nextcloud.com\/fr\/blog\/handelsblatt-se-penche-sur-la-face-cachee-de-microsoft\/#breadcrumb","itemListElement":[{"@type":"ListItem","position":1,"name":"Home","item":"https:\/\/nextcloud.com\/fr\/"},{"@type":"ListItem","position":2,"name":"Le journal Handelsblatt \u00e9voque la face cach\u00e9e de Microsoft"}]},{"@type":"WebSite","@id":"https:\/\/nextcloud.com\/fr\/#website","url":"https:\/\/nextcloud.com\/fr\/","name":"Nextcloud","description":"Regain control over your data","publisher":{"@id":"https:\/\/nextcloud.com\/fr\/#organization"},"potentialAction":[{"@type":"SearchAction","target":{"@type":"EntryPoint","urlTemplate":"https:\/\/nextcloud.com\/fr\/?s={search_term_string}"},"query-input":{"@type":"PropertyValueSpecification","valueRequired":true,"valueName":"search_term_string"}}],"inLanguage":"fr-FR"},{"@type":"Organization","@id":"https:\/\/nextcloud.com\/fr\/#organization","name":"Nextcloud","url":"https:\/\/nextcloud.com\/fr\/","logo":{"@type":"ImageObject","inLanguage":"fr-FR","@id":"https:\/\/nextcloud.com\/fr\/#\/schema\/logo\/image\/","url":"https:\/\/nextcloud.com\/c\/uploads\/2022\/10\/nextcloud-logo-blue-transparent.svg","contentUrl":"https:\/\/nextcloud.com\/c\/uploads\/2022\/10\/nextcloud-logo-blue-transparent.svg","width":"1024","height":"1024","caption":"Nextcloud"},"image":{"@id":"https:\/\/nextcloud.com\/fr\/#\/schema\/logo\/image\/"},"sameAs":["https:\/\/www.facebook.com\/Nextclouders\/","https:\/\/x.com\/nextclouders","https:\/\/www.linkedin.com\/company\/10827569\/","https:\/\/youtube.com\/nextcloud","https:\/\/www.instagram.com\/nextclouders\/"]},{"@type":"Person","@id":"https:\/\/nextcloud.com\/fr\/#\/schema\/person\/c3c1a52fbc1c6a2be2f1df8818daa8c2","name":"Jos Poortvliet","image":{"@type":"ImageObject","inLanguage":"fr-FR","@id":"https:\/\/nextcloud.com\/fr\/#\/schema\/person\/image\/","url":"https:\/\/secure.gravatar.com\/avatar\/1c6de64891ee8c4902e1ac198f26ea5fb202d8bbaa7bce35b6a184610bbe4a3d?s=96&d=mm&r=g","contentUrl":"https:\/\/secure.gravatar.com\/avatar\/1c6de64891ee8c4902e1ac198f26ea5fb202d8bbaa7bce35b6a184610bbe4a3d?s=96&d=mm&r=g","caption":"Jos Poortvliet"}}]}},"featured_media_url":"https:\/\/nextcloud.com\/c\/uploads\/2023\/07\/nextcloud-handelsblatt-microsoft-satya-nadella-AI-feat-image.jpg","_links":{"self":[{"href":"https:\/\/nextcloud.com\/fr\/wp-json\/wp\/v2\/posts\/130759","targetHints":{"allow":["GET"]}}],"collection":[{"href":"https:\/\/nextcloud.com\/fr\/wp-json\/wp\/v2\/posts"}],"about":[{"href":"https:\/\/nextcloud.com\/fr\/wp-json\/wp\/v2\/types\/post"}],"author":[{"embeddable":true,"href":"https:\/\/nextcloud.com\/fr\/wp-json\/wp\/v2\/users\/2"}],"replies":[{"embeddable":true,"href":"https:\/\/nextcloud.com\/fr\/wp-json\/wp\/v2\/comments?post=130759"}],"version-history":[{"count":0,"href":"https:\/\/nextcloud.com\/fr\/wp-json\/wp\/v2\/posts\/130759\/revisions"}],"wp:featuredmedia":[{"embeddable":true,"href":"https:\/\/nextcloud.com\/fr\/wp-json\/wp\/v2\/media\/130383"}],"wp:attachment":[{"href":"https:\/\/nextcloud.com\/fr\/wp-json\/wp\/v2\/media?parent=130759"}],"wp:term":[{"taxonomy":"category","embeddable":true,"href":"https:\/\/nextcloud.com\/fr\/wp-json\/wp\/v2\/categories?post=130759"},{"taxonomy":"post_tag","embeddable":true,"href":"https:\/\/nextcloud.com\/fr\/wp-json\/wp\/v2\/tags?post=130759"}],"curies":[{"name":"wp","href":"https:\/\/api.w.org\/{rel}","templated":true}]}}