{"id":360307,"date":"2025-12-11T11:05:35","date_gmt":"2025-12-11T10:05:35","guid":{"rendered":"https:\/\/nextcloud.com\/blog\/ein-starkes-jahr-fur-digitale-souveranitat-der-nextcloud-jahresruckblick-2025\/"},"modified":"2025-12-17T13:45:27","modified_gmt":"2025-12-17T12:45:27","slug":"ein-starkes-jahr-fur-digitale-souveranitat-der-nextcloud-jahresruckblick-2025","status":"publish","type":"post","link":"https:\/\/nextcloud.com\/de\/blog\/ein-starkes-jahr-fur-digitale-souveranitat-der-nextcloud-jahresruckblick-2025\/","title":{"rendered":"Ein entschlossenes Ja(hr) f\u00fcr digitale Souver\u00e4nit\u00e4t: Der Nextcloud-Jahresr\u00fcckblick 2025"},"content":{"rendered":"\n<blockquote class=\"wp-block-quote is-layout-flow wp-block-quote-is-layout-flow\">\n<p>W\u00e4hrend sich das Jahr 2025 dem Ende zuneigt, ist es an der Zeit, innezuhalten und zur\u00fcckzublicken. Auf unsere Erfolge, die Richtung, die wir eingeschlagen haben, und auf alles, was vor uns liegt.<\/p>\n\n\n\n<div style=\"height:10px\" aria-hidden=\"true\" class=\"wp-block-spacer\"><\/div>\n\n\n\n<p>2025 entschieden sich Millionen Menschen f\u00fcr Nextcloud. Dieser gro\u00dfe Schritt kommt nicht von ungef\u00e4hr \u2013 und wir zeigen hier, warum. Wenn Sie dieses Jahr Teil der Nextcloud-Community waren \u2013 als Nutzer oder Kunde, Administrator, Mitwirkender oder Technologiepartner \u2013, wird Ihnen dieser schriftliche R\u00fcckblick sicher gefallen.<\/p>\n\n\n\n<div style=\"height:10px\" aria-hidden=\"true\" class=\"wp-block-spacer\"><\/div>\n\n\n\n<p>Wir haben f\u00fcr Sie die wichtigsten Ver\u00f6ffentlichungen, Ereignisse und Titel zusammengestellt \u2013 ebenso wie die Inhalte, die Sie besonders gerne gelesen und gesehen haben.<\/p>\n\n\n\n<div style=\"height:10px\" aria-hidden=\"true\" class=\"wp-block-spacer\"><\/div>\n\n\n\n<p>Und selbst wenn Sie nur zuf\u00e4llig hier gelandet sind, zeigt dieser Beitrag, wie wichtig Datenschutz und digitale Souver\u00e4nit\u00e4t heute sind \u2013 und wie viel auf dem Weg zu einer besseren und sichereren digitalen Welt bereits erreicht wurde.<\/p>\n\n\n\n<div style=\"height:10px\" aria-hidden=\"true\" class=\"wp-block-spacer\"><\/div>\n\n\n\n<p>Viel Spa\u00df beim Lesen!<\/p>\n\n\n\n<p>Ihr Nextcloud-Team<\/p>\n<\/blockquote>\n\n\n\n<h2 class=\"wp-block-heading\">Wir denken in neuen Dimensionen<\/h2>\n\n\n\n<p>Beginnen wir damit, wie sich der Einfluss von Nextcloud im Jahr 2025 entwickelt hat. Mit \u00fcber 500,000 Servern, die weltweit betrieben werden, ist es sehr motivierend zu sehen, dass unsere Arbeit einen bedeutenden Einfluss hat. Von gro\u00dfen Regierungsprojekten, die Ministerien und Institutionen die Kontrolle \u00fcber ihre Daten zur\u00fcckgeben, \u00fcber kleine Teams, die Nextcloud f\u00fcr bedeutende Initiativen nutzen, bis hin zu Privatanwendern, die ihre Dateien bewusst au\u00dferhalb der Clouds gro\u00dfer Tech-Unternehmen speichern und teilen \u2013 Datenschutz macht \u00fcberall den Unterschied.<\/p>\n\n\n\n<p>Angesichts der weltweit zunehmenden Unsicherheit in diesem Jahr hat sich das Interesse potenzieller Kunden an Nextcloud verdreifacht. Wir haben gezeigt, dass souver\u00e4ne Alternativen zu Big Tech und ein Ende der globalen digitalen Abh\u00e4ngigkeit nicht nur m\u00f6glich, sondern schon heute Realit\u00e4t sind.<\/p>\n\n\n\n<p>In einigen L\u00e4ndern ist die Dynamik der digitalen Souver\u00e4nit\u00e4t besonders hoch. In den Niederlanden beispielsweise hatten wir dieses Jahr zwei rekordverd\u00e4chtige Nextcloud Enterprise Days. Die Anfragen von lokalen Unternehmen und dem \u00f6ffentlichen Sektor haben sich verachtfacht. In Frankreich verf\u00fcgen zahlreiche Organisationen des \u00f6ffentlichen Sektors \u00fcber <a href=\"https:\/\/nextcloud.com\/blog\/digital-sovereignty-momentum-france\/\" target=\"_blank\" rel=\"noreferrer noopener\">Nextcloud-Implementierungen im sechsstelligen Bereich<\/a>.<\/p>\n\n\n\n<p>Und es werden immer mehr L\u00e4nder, die die Bedeutung digitaler Autonomie erkennen und Nextcloud als ihre L\u00f6sung f\u00fcr die digitale Zusammenarbeit einsetzen. Im Jahr 2025 haben wir viele neue Kunden im \u00f6ffentlichen Sektor Europas gewonnen, darunter das<a href=\"https:\/\/nextcloud.com\/de\/blog\/case_studies\/nextcloud-sichere-souveraene-zusammenarbeit-bmwet-oesterreich\/\" target=\"_blank\" rel=\"noreferrer noopener\"> \u00f6sterreichische Bundesministerium f\u00fcr Wirtschaft, Energie und Tourismus<\/a> (BMWET) und die <a href=\"https:\/\/nextcloud.com\/de\/blog\/press_releases\/stadt-stuttgart\/\" target=\"_blank\" rel=\"noreferrer noopener\">Stadtverwaltung Stuttgart<\/a> in Deutschland.<\/p>\n\n\n\n<h2 class=\"wp-block-heading\">Unser internationales Team w\u00e4chst weiter <\/h2>\n\n\n\n<p>Dieser weltweite Erfolg kann nur mit einem st\u00e4rker wachsenden Team skaliert werden. Im Jahr 2025 wuchs unser Nextcloud-Team um 27%, und auch im n\u00e4chsten Jahr freuen wir uns auf viele neue Gesichter.<\/p>\n\n\n\n<p>Mit seinen starken Wurzeln in der Open-Source-Community ist Nextcloud ein Projekt, das Partizipation in den Mittelpunkt stellt und sich an <a href=\"https:\/\/nextcloud.com\/blog\/the-nextcloud-mission-and-principles\/\" target=\"_blank\" rel=\"noreferrer noopener\">gemeinsamen Werten<\/a> orientiert. Unser Team stammt aus 26 L\u00e4ndern und unglaublich unterschiedlichen Lebensbereichen, was die Teamkultur von Nextcloud besonders macht. Sie ist demokratisch, dialogorientiert und inklusiv gepr\u00e4gt.<\/p>\n\n\n\n<p>Wir wissen, dass Investitionen in Menschen die beste Art sind, unsere Ressourcen zu nutzen. Deshalb stellen wir Mitarbeiter aus unserer Community ein und unterst\u00fctzen unsere Mitarbeiter, sich am Open-Source-Leben zu beteiligen und sich beruflich weiterzuentwickeln.<\/p>\n\n\n\n<p>Wir wachsen weiter und suchen neue Mitarbeiter f\u00fcr einige Schl\u00fcsselpositionen, zum Beispiel einen <a href=\"https:\/\/nextcloud.com\/jobs\/#senior-software-engineer\" target=\"_blank\" rel=\"noreferrer noopener\">Senior C++\/Office Engineer<\/a> und einen <a href=\"https:\/\/nextcloud.com\/jobs\/#team-lead-content-marketing\" target=\"_blank\" rel=\"noreferrer noopener\">Team Lead f\u00fcr unser Content Marketing Team<\/a>. Wenn Sie sich Nextcloud anschlie\u00dfen und sich f\u00fcr mehr Autonomie und Freiheit einsetzen wollen, freuen wir uns von Ihnen zu h\u00f6ren!<\/p>\n\n\n\n<h2 class=\"wp-block-heading\">An der Spitze der digitalen Freiheit<\/h2>\n\n\n\n<h3 class=\"wp-block-heading\">Der Index zur digitalen Souver\u00e4nit\u00e4t<\/h3>\n\n\n\n<figure class=\"wp-block-image size-full imageRoundShadow\"><img decoding=\"async\" width=\"1920\" height=\"1080\" src=\"https:\/\/nextcloud.com\/c\/uploads\/2025\/08\/Nextcloud-Digital-Sovereignty-Index.png\" alt=\"Nextcloud ver\u00f6ffentlicht ersten Digital Sovereignty Index (DSI)\" class=\"wp-image-327115\" srcset=\"https:\/\/nextcloud.com\/c\/uploads\/2025\/08\/Nextcloud-Digital-Sovereignty-Index.png 1920w, https:\/\/nextcloud.com\/c\/uploads\/2025\/08\/Nextcloud-Digital-Sovereignty-Index-300x169.png 300w, https:\/\/nextcloud.com\/c\/uploads\/2025\/08\/Nextcloud-Digital-Sovereignty-Index-1024x576.png 1024w, https:\/\/nextcloud.com\/c\/uploads\/2025\/08\/Nextcloud-Digital-Sovereignty-Index-768x432.png 768w, https:\/\/nextcloud.com\/c\/uploads\/2025\/08\/Nextcloud-Digital-Sovereignty-Index-1536x864.png 1536w\" sizes=\"(max-width: 1920px) 100vw, 1920px\" \/><\/figure>\n\n\n\n<p>Das Thema digitale Souver\u00e4nit\u00e4t findet weltweit immer mehr Beachtung. Gleichzeitig wird es aktiv zu einem Marketing-Schlagwort und, schlimmer noch, von Tech-Giganten vereinnahmt. <\/p>\n\n\n\n<p>Was bedeutet digitale Souver\u00e4nit\u00e4t also wirklich? Und inwieweit ist Ihr Land digital souver\u00e4n?<\/p>\n\n\n\n<p>Zahlen sorgen immer f\u00fcr Klarheit. Mit der Einf\u00fchrung des Digital Sovereignty Index konnten wir zeigen, wie L\u00e4nder hinsichtlich ihrer tats\u00e4chlichen digitalen Unabh\u00e4ngigkeit im Vergleich abschneiden.<\/p>\n\n\n\n<p>Sie k\u00f6nnen sich auch mit unseren Methoden vertraut machen und mehr dar\u00fcber erfahren, wie unser Tracker funktioniert. Wenn Sie Ideen zur Nutzung oder Verbesserungsvorschl\u00e4ge zum Digital Sovereignty Index haben, melden Sie sich gern bei uns!  Wir freuen uns \u00fcber gute Beitr\u00e4ge und Vorschl\u00e4ge.<\/p>\n\n\n\n<div style=\"height:40px\" aria-hidden=\"true\" class=\"wp-block-spacer\"><\/div>\n\n\n\n<div class=\"wp-block-buttons is-content-justification-center is-layout-flex wp-container-core-buttons-is-layout-16018d1d wp-block-buttons-is-layout-flex\">\n<div class=\"wp-block-button\"><a class=\"wp-block-button__link wp-element-button\" href=\"https:\/\/dsi.nextcloud.com\/\" target=\"_blank\" rel=\"noreferrer noopener\">Mehr zum Digital Sovereignty Index<\/a><\/div>\n<\/div>\n\n\n\n<div style=\"height:40px\" aria-hidden=\"true\" class=\"wp-block-spacer\"><\/div>\n\n\n\n<h3 class=\"wp-block-heading\">250 Millionen Euro f\u00fcr digitale Souver\u00e4nit\u00e4t bis 2030<\/h3>\n\n\n\n<p>Digitale Souver\u00e4nit\u00e4t zu erreichen ist ein langwieriger Prozess. Wir unterst\u00fctzen zahlreiche politische Initiativen, die darauf abzielen, digital souver\u00e4ne Angebote f\u00fcr Europa zu schaffen, glauben jedoch, dass die Unterst\u00fctzung durch private Projekte schneller Wirkung zeigen kann. Deshalb haben wir dieses Jahr unsere eigene <a href=\"https:\/\/nextcloud.com\/blog\/nextcloud-community-sovereignty-for-everyone\/\" target=\"_blank\" rel=\"noreferrer noopener\">Initiative \u201eSovereign 2030\u201d<\/a> angek\u00fcndigt, mit der wir 250 Millionen Euro bis 2030 in digitale Souver\u00e4nit\u00e4t investieren wollen.<\/p>\n\n\n\n<p>Unsere wichtigsten Investitionsbereiche:<\/p>\n\n\n\n<ul class=\"wp-block-list nc-list\">\n<li>Verst\u00e4rkung unseres internationalen Teams<\/li>\n\n\n\n<li>St\u00e4rkung der breiteren Open-Source-Community sowie unserer eigenen Nextcloud-Community<\/li>\n\n\n\n<li>St\u00e4rkung von Partnerschaften und Ausbau des \u00d6kosystems<\/li>\n\n\n\n<li>Aufkl\u00e4rung und Information der \u00d6ffentlichkeit \u00fcber Datenschutz, Sicherheit und digitale Souver\u00e4nit\u00e4t<\/li>\n<\/ul>\n\n\n\n<h3 class=\"wp-block-heading\">CHANNEL-PARTNERPROGRAMM<\/h3>\n\n\n\n<p>Der Zugang zu lokalen Resellern und Service Providern ist der erste Schritt, um digitale Souver\u00e4nit\u00e4t zu einem umsetzbaren Plan f\u00fcr Menschen, Unternehmen und Regierungen zu machen. Neben unserer Investitionsinitiative haben wir das Channel-Partnerprogramm ins Leben gerufen, um lokalen Unternehmen fachkundige Unterst\u00fctzung und souver\u00e4ne L\u00f6sungen zu fairen, vorteilhaften Konditionen zu bieten und gleichzeitig sicherzustellen, dass sie ihre Roadmap und Preisgestaltung selbst bestimmen k\u00f6nnen.<\/p>\n\n\n\n<p>Entdecken Sie das <a href=\"https:\/\/nextcloud.com\/de\/channel-partnerprogramm\/\" target=\"_blank\" rel=\"noreferrer noopener\">Nextcloud Channel-Partnerprogramm<\/a> und erfahren Sie in unserem <a href=\"https:\/\/nextcloud.com\/blog\/nextcloud-channel-partner-program\/\" target=\"_blank\" rel=\"noreferrer noopener\">Blog<\/a> mehr dar\u00fcber, was dessen Einf\u00fchrung f\u00fcr unsere Reseller, Service Provider und Kunden bedeutet.<\/p>\n\n\n\n<div style=\"height:40px\" aria-hidden=\"true\" class=\"wp-block-spacer\"><\/div>\n\n\n\n<div class=\"wp-block-group borderRadius has-background\" style=\"background-color:#e0edf8\"><div class=\"wp-block-group__inner-container is-layout-constrained wp-block-group-is-layout-constrained\">\n<h2 class=\"wp-block-heading\">Erw\u00e4hnungen in der Presse<\/h2>\n\n\n\n<p>Nextcloud taucht h\u00e4ufiger denn je in der internationalen Presse auf. Liegt es an unserem gro\u00dfartigen Produkt, unserem unerm\u00fcdlichen CEO und Gr\u00fcnder Frank Karlitschek oder dem exzellenten  Kommunikationsteam? Es ist schwer zu sagen, aber f\u00fcr alle F\u00e4lle sind hier unsere f\u00fcnf wichtigsten Artikel, die man unbedingt lesen sollte.<\/p>\n\n\n\n<ul class=\"wp-block-list nc-list\">\n<li><a href=\"https:\/\/www.raconteur.net\/technology\/nextcloud-ceo-interview\" target=\"_blank\" rel=\"noreferrer noopener\">\u201eMan muss ein bisschen verr\u00fcckt sein\u201c: Nextcloud-CEO \u00fcber die Konfrontation mit den Hyperscalern<\/a>, Interview mit Frank Karlitschek von Raconteur (Englisch)<\/li>\n\n\n\n<li><a href=\"https:\/\/www.handelsblatt.com\/technik\/it-internet\/buerosoftware-ionos-und-nextcloud-wollen-sich-als-microsoft-alternative-etablieren\/100171122.html\" target=\"_blank\" rel=\"noreferrer noopener\">\u201eIONOS und Nextcloud wollen sich als Microsoft-Alternativen etablieren\u201c<\/a>, ein Artikel der Wirtschaftszeitung Handelsblatt<\/li>\n\n\n\n<li><a href=\"https:\/\/background.tagesspiegel.de\/digitalisierung-und-ki\/briefing\/der-weg-zu-nachhaltiger-digitaler-souveraenitaet\" target=\"_blank\" rel=\"noreferrer noopener\">\u201eDas Unternehmen, auf das ganz Europa schaut, um digital unabh\u00e4ngig zu werden, setzt sich f\u00fcr eine ICT*-Revolution ein\u201c<\/a>, in der niederl\u00e4ndischen Zeitung NRC (Niederl\u00e4ndisch)<\/li>\n\n\n\n<li><a href=\"https:\/\/jyllands-posten.dk\/indland\/ECE18411559\/frank-karlitschek-vil-befri-os-fra-techgiganterne\/\" target=\"_blank\" rel=\"noreferrer noopener\">\u201eFrank Karlitschek will uns von den Tech-Giganten befreien\u201c<\/a>, in der d\u00e4nischen Zeitung Jyllands-Posten (D\u00e4nisch)<\/li>\n\n\n\n<li><a href=\"https:\/\/background.tagesspiegel.de\/digitalisierung-und-ki\/briefing\/der-weg-zu-nachhaltiger-digitaler-souveraenitaet\" target=\"_blank\" rel=\"noreferrer noopener\">\u201eDer Weg zu nachhaltiger digitaler Souver\u00e4nit\u00e4t\u201c<\/a>, ein Artikel im Tagesspiegel<\/li>\n<\/ul>\n\n\n\n<div style=\"height:40px\" aria-hidden=\"true\" class=\"wp-block-spacer\"><\/div>\n\n\n\n<div class=\"wp-block-buttons is-content-justification-center is-layout-flex wp-container-core-buttons-is-layout-16018d1d wp-block-buttons-is-layout-flex\">\n<div class=\"wp-block-button\"><a class=\"wp-block-button__link wp-element-button\" href=\"https:\/\/nextcloud.com\/de\/presse\/\" target=\"_blank\" rel=\"noreferrer noopener\">Mehr Informationen f\u00fcr die Presse<\/a> <\/div>\n<\/div>\n\n\n\n<div style=\"height:40px\" aria-hidden=\"true\" class=\"wp-block-spacer\"><\/div>\n\n\n\n<div style=\"height:0px\" aria-hidden=\"true\" class=\"wp-block-spacer\"><\/div>\n\n\n\n<p><em>*<\/em><em>Hinweis: Informations- und Kommunikationstechnologie<\/em><\/p>\n<\/div><\/div>\n\n\n\n<div style=\"height:40px\" aria-hidden=\"true\" class=\"wp-block-spacer\"><\/div>\n\n\n\n<h2 class=\"wp-block-heading\">Wir haben es geschafft: Auszeichnungen 2025<\/h2>\n\n\n<section class=\"industries-section \" id=\"\">\n\t<div class=\"container\">\n\t\t\t\t<div class=\"row\">\n\t\t\t<div class=\"col-12\">\n\t\t\t\t<div class=\"text-block\">\n\t\t\t\t\t\t\t\t\t<\/div>\n\t\t\t<\/div>\n\t\t<\/div>\n\t\t<div class=\"row\">\n\t\t\t<div class=\"col-lg-6 col-md-6 spacer\"><div class=\"item-box with-link\"><a href=\"https:\/\/nextcloud.com\/de\/blog\/nextcloud-wins-platinum-at-cloudcomputing-insider-it-awards-2025\/\" title=\"Read more\" target=\"_blank\"><img decoding=\"async\" src=\"https:\/\/nextcloud.com\/c\/uploads\/2025\/04\/CloudComputing-Insider-AWARD-2025.svg\" alt=\"Nextcloud - Platinum in CloudComputing-Insider IT-Awards\"\/><h4>Platinum in CloudComputing-Insider IT-Awards<\/h4><p>Nextcloud receives a Platinum Award at CloudComputing-Insider IT Awards for the fifth time.<\/p>\n<span class=\"see_more\">Read more <svg id=\"Layer_1\" xmlns=\"http:\/\/www.w3.org\/2000\/svg\" version=\"1.1\" viewBox=\"0 0 24 24\"><path class=\"st0\" d=\"M12.6,12l-4.6-4.6,1.4-1.4,6,6-6,6-1.4-1.4,4.6-4.6Z\"><\/path><\/svg><\/span><\/a><\/div><\/div><div class=\"col-lg-6 col-md-6 spacer\"><div class=\"item-box with-link\"><a href=\"https:\/\/nextcloud.com\/de\/blog\/nextcloud-erhalt-als-erste-cloud-software-das-blauer-engel-umweltzeichen-fur-green-it\/\" title=\"Read more\" target=\"_blank\"><img decoding=\"async\" src=\"https:\/\/nextcloud.com\/c\/uploads\/2025\/06\/BE-Logo_blau_D.svg\" alt=\"Nextcloud - Blauer Engel ecolabel for green IT\"\/><h4>Blauer Engel ecolabel for green IT<\/h4><p>Nextcloud becomes the first cloud software platform to earn the Blauer Engel ecolabel.<\/p>\n<span class=\"see_more\">Read more <svg id=\"Layer_1\" xmlns=\"http:\/\/www.w3.org\/2000\/svg\" version=\"1.1\" viewBox=\"0 0 24 24\"><path class=\"st0\" d=\"M12.6,12l-4.6-4.6,1.4-1.4,6,6-6,6-1.4-1.4,4.6-4.6Z\"><\/path><\/svg><\/span><\/a><\/div><\/div>\t\t<\/div>\n\t<\/div>\n<\/section>\n\n\n\n<h3 class=\"wp-block-heading\">Nextcloud Awards: Wer gestaltet die Zukunft der digitalen Unabh\u00e4ngigkeit?<\/h3>\n\n\n\n<p>In diesem Jahr haben wir die Nextcloud Awards ins Leben gerufen, um Akteur:innen der digitalen Souver\u00e4nit\u00e4t zu w\u00fcrdigen: Menschen, Organisationen und Projekte, die sich aktiv f\u00fcr eine Zukunft einsetzen, in der nicht Unternehmen, sondern die Nutzerinnen und Nutzer selbst die Kontrolle \u00fcber ihre Daten haben.<\/p>\n\n\n\n<figure class=\"wp-block-image size-full imageRoundShadow\"><img decoding=\"async\" width=\"2560\" height=\"1707\" src=\"https:\/\/nextcloud.com\/c\/uploads\/2025\/06\/Nextcloud_Awards5-1-scaled.jpg\" alt=\"\" class=\"wp-image-316049\" srcset=\"https:\/\/nextcloud.com\/c\/uploads\/2025\/06\/Nextcloud_Awards5-1-scaled.jpg 2560w, https:\/\/nextcloud.com\/c\/uploads\/2025\/06\/Nextcloud_Awards5-1-300x200.jpg 300w, https:\/\/nextcloud.com\/c\/uploads\/2025\/06\/Nextcloud_Awards5-1-864x576.jpg 864w, https:\/\/nextcloud.com\/c\/uploads\/2025\/06\/Nextcloud_Awards5-1-768x512.jpg 768w, https:\/\/nextcloud.com\/c\/uploads\/2025\/06\/Nextcloud_Awards5-1-1536x1024.jpg 1536w, https:\/\/nextcloud.com\/c\/uploads\/2025\/06\/Nextcloud_Awards5-1-2048x1366.jpg 2048w\" sizes=\"(max-width: 2560px) 100vw, 2560px\" \/><\/figure>\n\n\n\n<p>Im Jahr 2025 haben wir Nominierungen in zwei Kategorien entgegengenommen und gemeinsam mit einer Fachjury die <a href=\"https:\/\/nextcloud.com\/blog\/nextcloud-awards-2025-celebrating-those-building-a-sovereign-digital-future\/\" target=\"_blank\" rel=\"noreferrer noopener\">Gewinner<\/a> bekannt gegeben:<\/p>\n\n\n\n<ul class=\"wp-block-list nc-list\">\n<li>Kategorie \u201eImplementierung mit Vorbildcharakter\u201c: Schleswig-Holstein<\/li>\n\n\n\n<li>Kategorie \u201eSonderpreis 2025: Bewusstsein f\u00fcr digitale Souver\u00e4nit\u00e4t in Zeiten geopolitischer Ver\u00e4nderungen\u201c: C\u00f3digoSur und Signal Foundation<\/li>\n<\/ul>\n\n\n\n<div style=\"height:40px\" aria-hidden=\"true\" class=\"wp-block-spacer\"><\/div>\n\n\n\n<div class=\"wp-block-buttons is-content-justification-center is-layout-flex wp-container-core-buttons-is-layout-16018d1d wp-block-buttons-is-layout-flex\">\n<div class=\"wp-block-button\"><a class=\"wp-block-button__link wp-element-button\">Mehr \u00fcber die Nextcloud Awards<\/a><\/div>\n<\/div>\n\n\n\n<div style=\"height:40px\" aria-hidden=\"true\" class=\"wp-block-spacer\"><\/div>\n\n\n\n<h2 class=\"wp-block-heading\">Drei bahnbrechende Releases<\/h2>\n\n\n\n<p>Unser Team aus Ingenieurinnen und Ingenieuren hat das gesamte Jahr daran gearbeitet, die Nextcloud-Apps intelligenter, schneller und reibungsloser zu gestalten. Drei gro\u00dfe Releases haben in diesem Jahr die Teamarbeit entscheidend ver\u00e4ndert.<\/p>\n\n\n\n<h3 class=\"wp-block-heading\">Integriert und modular: Nextcloud Hub 10<\/h3>\n\n\n\n<figure class=\"wp-block-image size-full\"><img decoding=\"async\" width=\"3037\" height=\"2060\" src=\"https:\/\/nextcloud.com\/c\/uploads\/2025\/02\/Image-with-combined-screenshots-of-Nextcloud-Calendar-and-Nextcloud-Talk.png\" alt=\"Nextcloud Kalender und Nextcloud Talk in Nextcloud Hub 10\" class=\"wp-image-287440\" srcset=\"https:\/\/nextcloud.com\/c\/uploads\/2025\/02\/Image-with-combined-screenshots-of-Nextcloud-Calendar-and-Nextcloud-Talk.png 3037w, https:\/\/nextcloud.com\/c\/uploads\/2025\/02\/Image-with-combined-screenshots-of-Nextcloud-Calendar-and-Nextcloud-Talk-300x203.png 300w, https:\/\/nextcloud.com\/c\/uploads\/2025\/02\/Image-with-combined-screenshots-of-Nextcloud-Calendar-and-Nextcloud-Talk-849x576.png 849w, https:\/\/nextcloud.com\/c\/uploads\/2025\/02\/Image-with-combined-screenshots-of-Nextcloud-Calendar-and-Nextcloud-Talk-768x521.png 768w, https:\/\/nextcloud.com\/c\/uploads\/2025\/02\/Image-with-combined-screenshots-of-Nextcloud-Calendar-and-Nextcloud-Talk-1536x1042.png 1536w, https:\/\/nextcloud.com\/c\/uploads\/2025\/02\/Image-with-combined-screenshots-of-Nextcloud-Calendar-and-Nextcloud-Talk-2048x1389.png 2048w\" sizes=\"(max-width: 3037px) 100vw, 3037px\" \/><\/figure>\n\n\n\n<p>Mit Nextcloud Hub 10 haben wir gefeiert, was die Nextcloud-Architektur besonders macht: die nahtlose Integration aller Tools und eine modulare Struktur, die Ihnen maximale Freiheit bei der Gestaltung Ihrer Arbeitsweise bietet. Umfassende Verbesserung der Benutzererfahrung und Leistung, Sicherheit auf Unternehmensniveau mit E2EE-Anrufen und Webverschl\u00fcsselung, Verbesserungen der Benutzerfreundlichkeit in Nextcloud Mail, Talk und Teams, Nextcloud Assistant 3.0 und erste KI-Agent-Funktionen und vieles mehr.<\/p>\n\n\n\n<div style=\"height:40px\" aria-hidden=\"true\" class=\"wp-block-spacer\"><\/div>\n\n\n\n<div class=\"wp-block-buttons is-content-justification-center is-layout-flex wp-container-core-buttons-is-layout-16018d1d wp-block-buttons-is-layout-flex\">\n<div class=\"wp-block-button\"><a class=\"wp-block-button__link wp-element-button\" href=\"https:\/\/nextcloud.com\/de\/blog\/nextcloud-hub-10-ihr-einheitlicher-modularer-digitaler-arbeitsplatz\/\" target=\"_blank\" rel=\"noreferrer noopener\">Weiterlesen<\/a><\/div>\n<\/div>\n\n\n\n<div style=\"height:40px\" aria-hidden=\"true\" class=\"wp-block-spacer\"><\/div>\n\n\n\n<h3 class=\"wp-block-heading\">Resiliente Kommunikation und Zusammenarbeit: Nextcloud Talk \u201eMunich\u201c<\/h3>\n\n\n\n<figure class=\"wp-block-image size-full imageRoundShadow\"><img decoding=\"async\" width=\"1920\" height=\"1080\" src=\"https:\/\/nextcloud.com\/c\/uploads\/2025\/05\/Nextcloud-Talk-22Munich22-desktop-1.png\" alt=\"Nextcloud Talk \u201eMunich\u201c \u2013 Desktop\" class=\"wp-image-313485\" srcset=\"https:\/\/nextcloud.com\/c\/uploads\/2025\/05\/Nextcloud-Talk-22Munich22-desktop-1.png 1920w, https:\/\/nextcloud.com\/c\/uploads\/2025\/05\/Nextcloud-Talk-22Munich22-desktop-1-300x169.png 300w, https:\/\/nextcloud.com\/c\/uploads\/2025\/05\/Nextcloud-Talk-22Munich22-desktop-1-1024x576.png 1024w, https:\/\/nextcloud.com\/c\/uploads\/2025\/05\/Nextcloud-Talk-22Munich22-desktop-1-768x432.png 768w, https:\/\/nextcloud.com\/c\/uploads\/2025\/05\/Nextcloud-Talk-22Munich22-desktop-1-1536x864.png 1536w\" sizes=\"(max-width: 1920px) 100vw, 1920px\" \/><\/figure>\n\n\n\n<p>In einem Umfeld wachsender digitaler Anforderungen setzen Unternehmen auf robuste Tools f\u00fcr Kommunikation und Zusammenarbeit. Mit einer eigenst\u00e4ndigen Version von Nextcloud Talk, die live auf dem Nextcloud Summit in M\u00fcnchen vorgestellt wurde, haben wir unsere klare Antwort gegeben: eine moderne, digital souver\u00e4ne Plattform f\u00fcr Arbeitschats, Meetings und Webinare mit geringeren Migrationsbarrieren und erweiterten Telefoniefunktionen.<\/p>\n\n\n\n<div style=\"height:40px\" aria-hidden=\"true\" class=\"wp-block-spacer\"><\/div>\n\n\n\n<div class=\"wp-block-buttons is-content-justification-center is-layout-flex wp-container-core-buttons-is-layout-16018d1d wp-block-buttons-is-layout-flex\">\n<div class=\"wp-block-button\"><a class=\"wp-block-button__link wp-element-button\" href=\"https:\/\/nextcloud.com\/de\/blog\/nextcloud-talk-munich-resiliente-kommunikation-und-zusammenarbeit\/\" target=\"_blank\" rel=\"noreferrer noopener\">Weiterlesen<\/a><\/div>\n<\/div>\n\n\n\n<div style=\"height:40px\" aria-hidden=\"true\" class=\"wp-block-spacer\"><\/div>\n\n\n\n<h3 class=\"wp-block-heading\">Im Handumdrehen startklar: Nextcloud Hub 25 Autumn<\/h3>\n\n\n\n<p>Und jetzt das Highlight! Unsere neueste Version, Nextcloud Hub 25 Autumn, hat nicht nur einen neuen Namen, sondern auch ein v\u00f6llig neues Erscheinungsbild. Mit einem frischen Branding, feinen Designanpassungen und gro\u00dfen Anstrengungen in Wartung und Performance vereint es technische Optimierungen mit deutlichen optischen Verbesserungen.<\/p>\n\n\n\n<figure class=\"wp-block-embed is-type-video is-provider-youtube wp-block-embed-youtube wp-embed-aspect-16-9 wp-has-aspect-ratio\"><div class=\"wp-block-embed__wrapper\">\n<iframe loading=\"lazy\" title=\"Introducing Nextcloud Hub 25 Autumn: your digital workspace, ready in no time!\" width=\"500\" height=\"281\" src=\"https:\/\/www.youtube.com\/embed\/3jcYJGQgenI?feature=oembed\" frameborder=\"0\" allow=\"accelerometer; autoplay; clipboard-write; encrypted-media; gyroscope; picture-in-picture; web-share\" referrerpolicy=\"strict-origin-when-cross-origin\" allowfullscreen><\/iframe>\n<\/div><\/figure>\n\n\n\n<p>Wir haben uns auf das Wesentliche konzentriert und es sinnvoll verbessert: eine intuitivere und benutzerfreundlichere Benutzeroberfl\u00e4che, mehr Automatisierungen und mehr Fokus. Das ist die Benutzerseite, aber wenn Sie sich mit Code auskennen, gibt es zahlreiche Verbesserungen f\u00fcr Administratoren, neue Frameworks, neue Konfigurationsvoreinstellungen und eine sechsmal schnellere Datei\u00fcbertragung.<\/p>\n\n\n\n<div style=\"height:40px\" aria-hidden=\"true\" class=\"wp-block-spacer\"><\/div>\n\n\n\n<div class=\"wp-block-buttons is-content-justification-center is-layout-flex wp-container-core-buttons-is-layout-16018d1d wp-block-buttons-is-layout-flex\">\n<div class=\"wp-block-button\"><a class=\"wp-block-button__link wp-element-button\" href=\"https:\/\/nextcloud.com\/de\/blog\/nextcloud-hub-25-autumn\/\" target=\"_blank\" rel=\"noreferrer noopener\">Weiterlesen<\/a><\/div>\n<\/div>\n\n\n\n<div style=\"height:40px\" aria-hidden=\"true\" class=\"wp-block-spacer\"><\/div>\n\n\n<section class=\"squote_style3_section\" id=\"\">\r\n\t<div class=\"container\">\r\n\t\t<div class=\"row align-items-center\">\r\n\r\n\t\t\t<div class=\" col-lg-8 order-lg-2 \">\r\n\t\t\t\t<figure class=\"text-block\">\r\n                    <blockquote>\r\n\t\t\t\t\t<div class=\"quote-block\"><p>Die Bedienung ist intuitiv: Aufgaben lassen sich m\u00fchelos erledigen, und Berechtigungen k\u00f6nnen einfach delegiert werden.<\/p>\n<\/div><div class=\"rest\"><cite><h6>FOSS Force<\/h6><\/cite><a href=\"https:\/\/fossforce.com\/2025\/09\/nextcloud-hub-25-autumn-ups-the-ante-for-open-source-clouds\/\" target=\"_blank\">Read story<\/a><\/div>                    <\/blockquote>\r\n\t\t\t\t<\/figure>\r\n\t\t\t<\/div>\r\n\r\n\t\t\t<div class=\"order-lg-1  col-lg-4 \">\r\n\t\t\t\t<div class=\"image-block \">\r\n\t\t\t\t\t<img decoding=\"async\" width=\"1920\" height=\"1920\" src=\"https:\/\/nextcloud.com\/c\/uploads\/2025\/12\/FossForce.jpg\" class=\"attachment-full size-full\" alt=\"Foss Force logo\" srcset=\"https:\/\/nextcloud.com\/c\/uploads\/2025\/12\/FossForce.jpg 1920w, https:\/\/nextcloud.com\/c\/uploads\/2025\/12\/FossForce-300x300.jpg 300w, https:\/\/nextcloud.com\/c\/uploads\/2025\/12\/FossForce-576x576.jpg 576w, https:\/\/nextcloud.com\/c\/uploads\/2025\/12\/FossForce-150x150.jpg 150w, https:\/\/nextcloud.com\/c\/uploads\/2025\/12\/FossForce-768x768.jpg 768w, https:\/\/nextcloud.com\/c\/uploads\/2025\/12\/FossForce-1536x1536.jpg 1536w\" sizes=\"(max-width: 1920px) 100vw, 1920px\" \/>\t\t\t\t<\/div>\r\n\t\t\t<\/div>\r\n\r\n\t\t<\/div>\r\n\t<\/div>\r\n<\/section>\r\n\n\n\n<div style=\"height:40px\" aria-hidden=\"true\" class=\"wp-block-spacer\"><\/div>\n\n\n<section class=\"squote_style3_section\" id=\"\">\r\n\t<div class=\"container\">\r\n\t\t<div class=\"row align-items-center\">\r\n\r\n\t\t\t<div class=\" col-lg-8 order-lg-2 \">\r\n\t\t\t\t<figure class=\"text-block\">\r\n                    <blockquote>\r\n\t\t\t\t\t<div class=\"quote-block\"><p>Nextcloud Hub 25 Autumn arbeitet jetzt sp\u00fcrbar schneller und reagiert rundum fl\u00fcssiger. Durch die Optimierungen beim segmentierten Upload sind Datei-Uploads jetzt technisch bis zu sechsmal schneller und der Transfer gro\u00dfer Dateien deutlich zuverl\u00e4ssiger. Dar\u00fcber hinaus ist die gesamte Plattform dank einer Reduzierung der Datenbankabfragen um 15% schneller geworden.<\/p>\n<\/div><div class=\"rest\"><cite><h6>TechHut<\/h6><\/cite><a href=\"https:\/\/www.youtube.com\/watch?v=tqM_wyE54Nc\" target=\"_blank\">Watch video<\/a><\/div>                    <\/blockquote>\r\n\t\t\t\t<\/figure>\r\n\t\t\t<\/div>\r\n\r\n\t\t\t<div class=\"order-lg-1  col-lg-4 \">\r\n\t\t\t\t<div class=\"image-block \">\r\n\t\t\t\t\t<img decoding=\"async\" width=\"1920\" height=\"1920\" src=\"https:\/\/nextcloud.com\/c\/uploads\/2025\/12\/YouTube-logo.jpg\" class=\"attachment-full size-full\" alt=\"YouTube logo\" srcset=\"https:\/\/nextcloud.com\/c\/uploads\/2025\/12\/YouTube-logo.jpg 1920w, https:\/\/nextcloud.com\/c\/uploads\/2025\/12\/YouTube-logo-300x300.jpg 300w, https:\/\/nextcloud.com\/c\/uploads\/2025\/12\/YouTube-logo-576x576.jpg 576w, https:\/\/nextcloud.com\/c\/uploads\/2025\/12\/YouTube-logo-150x150.jpg 150w, https:\/\/nextcloud.com\/c\/uploads\/2025\/12\/YouTube-logo-768x768.jpg 768w, https:\/\/nextcloud.com\/c\/uploads\/2025\/12\/YouTube-logo-1536x1536.jpg 1536w\" sizes=\"(max-width: 1920px) 100vw, 1920px\" \/>\t\t\t\t<\/div>\r\n\t\t\t<\/div>\r\n\r\n\t\t<\/div>\r\n\t<\/div>\r\n<\/section>\r\n\n\n\n<div style=\"height:40px\" aria-hidden=\"true\" class=\"wp-block-spacer\"><\/div>\n\n\n\n<h3 class=\"wp-block-heading\">Neues, klares Design<\/h3>\n\n\n\n<figure class=\"wp-block-embed is-type-video is-provider-youtube wp-block-embed-youtube wp-embed-aspect-16-9 wp-has-aspect-ratio\"><div class=\"wp-block-embed__wrapper\">\n<iframe loading=\"lazy\" title=\"Have you noted these details? \ud83c\udfa8 The latest design updates in Nextcloud Hub 25 Autumn\" width=\"500\" height=\"281\" src=\"https:\/\/www.youtube.com\/embed\/XIaLqQi6TyE?feature=oembed\" frameborder=\"0\" allow=\"accelerometer; autoplay; clipboard-write; encrypted-media; gyroscope; picture-in-picture; web-share\" referrerpolicy=\"strict-origin-when-cross-origin\" allowfullscreen><\/iframe>\n<\/div><\/figure>\n\n\n\n<p>Mit Nextcloud Hub 25 Autumn haben wir unserem Branding einen frischen Touch verliehen. Der neue visuelle Code wurde in die gesamte Nextcloud Benutzeroberfl\u00e4che integriert. Weitere Informationen finden Sie im <a href=\"https:\/\/nextcloud.com\/de\/blog\/nextcloud-hub-25-autumn\/\" target=\"_blank\" rel=\"noreferrer noopener\">Nextcloud Hub 25 Release Blog<\/a>.<\/p>\n\n\n<section class=\"simple-slider-section \" id=\"\">\r\n\t<div class=\"\">\r\n        \t<\/div>\r\n<\/section>\r\n<script>\r\n    jQuery(document).ready(function ($) {\r\n        var owl_simple_slider = $('.simple_slider_slideshow');\r\n        owl_simple_slider.owlCarousel({\r\n            loop: false,\r\n            stagePadding: 50,\r\n            autoplay: false,\r\n            margin:10,\r\n            dots: false,\r\n            nav:true,\r\n            responsive:{\r\n                0:{\r\n                    items:1\r\n                },\r\n                600:{\r\n                    items:1\r\n                },\r\n                800:{\r\n                    items:1\r\n                },\r\n                1000:{\r\n                    items:1\r\n                }\r\n            },\r\n            onDragged: owl_stop_autoplay,\r\n            autoplayHoverPause:true,\r\n            onInitialized: function (event) {\r\n\t\t\t\t\/\/ Remove role=\"presentation\" from arrows\r\n\t\t\t\t$('.owl-prev, .owl-next').removeAttr('role');\r\n\t\t\t\t$('.owl-prev, .owl-next').attr('tabindex', 0);\r\n\t\t\t}\r\n        });\r\n\r\n        \/\/ Assign original indices to real (non-cloned) items\r\n\t\towl_simple_slider.find('.owl-item:not(.cloned)').each(function (i) {\r\n\t\t\t$(this).attr('data-original-index', i);\r\n\t\t});\r\n\r\n\t\t\/\/ Focus handling for links, buttons, inputs, etc.\r\n\t\towl_simple_slider.on('focusin', '.owl-item a, .owl-item button, .owl-item input', function () {\r\n\t\t\tconst $focusedItem = $(this).closest('.owl-item');\r\n\r\n\t\t\tif (!$focusedItem.length || $focusedItem.hasClass('cloned')) {\r\n\t\t\t\/\/ Try to find the real item (not a clone)\r\n\t\t\tconst realIndex = $focusedItem.data('original-index');\r\n\t\t\tif (typeof realIndex !== 'undefined') {\r\n\t\t\t\towl_simple_slider.trigger('to.owl.carousel', [realIndex, 300, true]);\r\n\t\t\t}\r\n\t\t\treturn;\r\n\t\t\t}\r\n\r\n\t\t\tconst index = $focusedItem.data('original-index');\r\n\t\t\tif (typeof index !== 'undefined') {\r\n\t\t\towl_simple_slider.trigger('to.owl.carousel', [index, 300, true]);\r\n\t\t\t}\r\n\t\t});\r\n\r\n        owl_simple_slider.on('click', function(e) {\r\n            owl_stop_autoplay();\r\n        });\r\n        function owl_stop_autoplay() {\r\n            \/\/console.log('autoplay stopped.');\r\n            owl_simple_slider.trigger('stop.owl.autoplay');\r\n        }\r\n\r\n    });\r\n<\/script>\r\n\n\n\n<h3 class=\"wp-block-heading\">Neue Integrationen<\/h3>\n\n\n\n<p>Nextcloud ist eine einheitliche Plattform f\u00fcr alle Anforderungen der Zusammenarbeit und nicht auf Nextcloud Hub beschr\u00e4nkt. Unser \u00d6kosystem w\u00e4chst und bietet neue M\u00f6glichkeiten zur Zusammenarbeit \u00fcber vertraute Tools in einer integrierten Umgebung.<\/p>\n\n\n<section class=\"industries-section wide\" id=\"\">\n\t<div class=\"container\">\n\t\t\t\t<div class=\"row\">\n\t\t\t<div class=\"col-12\">\n\t\t\t\t<div class=\"text-block\">\n\t\t\t\t\t\t\t\t\t<\/div>\n\t\t\t<\/div>\n\t\t<\/div>\n\t\t<div class=\"row\">\n\t\t\t<div class=\"col-lg-6 col-md-6 spacer\"><div class=\"item-box \"><img decoding=\"async\" src=\"https:\/\/nextcloud.com\/c\/uploads\/2025\/02\/Documenso-logo.png\" alt=\"Nextcloud - Documenso\"\/><h4>Documenso<\/h4><p>Simplify document signatures with self-hosted, open source alternative to DocuSign.<\/p>\n<\/div><\/div><div class=\"col-lg-6 col-md-6 spacer\"><div class=\"item-box \"><img decoding=\"async\" src=\"https:\/\/nextcloud.com\/c\/uploads\/2022\/12\/openproject-icon-original-color-41055eb6.png\" alt=\"Nextcloud - OpenProject\"\/><h4>OpenProject<\/h4><p>Simplify project file management and sharing by connecting Nextcloud to the world\u2019s leading open source project management tool.<\/p>\n<\/div><\/div><div class=\"col-lg-6 col-md-6 spacer\"><div class=\"item-box \"><img decoding=\"async\" src=\"https:\/\/nextcloud.com\/c\/uploads\/2023\/12\/xwiki-logo.png\" alt=\"Nextcloud - XWiki\"\/><h4>XWiki<\/h4><p>Connect XWiki-based wikis, search content in them and share pages easily via Smart Picker.<\/p>\n<\/div><\/div><div class=\"col-lg-6 col-md-6 spacer\"><div class=\"item-box \"><img decoding=\"async\" src=\"https:\/\/nextcloud.com\/c\/uploads\/2025\/02\/Zulip-logo.png\" alt=\"Nextcloud - Zulip\"\/><h4>Zulip<\/h4><p>Integration app for easy file sharing in Zulip now lets you search public and direct messages via Unified Search in Nextcloud Hub.<\/p>\n<\/div><\/div><div class=\"col-lg-6 col-md-6 spacer\"><div class=\"item-box \"><img decoding=\"async\" src=\"https:\/\/nextcloud.com\/c\/uploads\/2025\/12\/overleaf-logo-primary.svg\" alt=\"Nextcloud - Overleaf\"\/><h4>Overleaf<\/h4><p>Work with LaTeX files to create and publish technical documents.<\/p>\n<\/div><\/div><div class=\"col-lg-6 col-md-6 spacer\"><div class=\"item-box \"><img decoding=\"async\" src=\"https:\/\/nextcloud.com\/c\/uploads\/2025\/10\/integration.svg\" alt=\"Nextcloud - Integration updates\"\/><h4>Integration updates<\/h4><p>Updated integrations with Jira, GitHub, GitLab, Discourse,  Google and more.<\/p>\n<\/div><\/div>\t\t<\/div>\n\t<\/div>\n<\/section>\n\n\n\n<h2 class=\"wp-block-heading\">H\u00f6hepunkte aus der Community<\/h2>\n\n\n<section class=\"industries-section wide\" id=\"\">\n\t<div class=\"container\">\n\t\t\t\t<div class=\"row\">\n\t\t\t<div class=\"col-12\">\n\t\t\t\t<div class=\"text-block\">\n\t\t\t\t\t\t\t\t\t<\/div>\n\t\t\t<\/div>\n\t\t<\/div>\n\t\t<div class=\"row\">\n\t\t\t<div class=\"col-lg-6 col-md-6 spacer\"><div class=\"item-box \"><h4>55K+ GitHub commits \ud83e\uddd1\u200d\ud83d\udcbb<\/h4><p>Made this year by the Nextcloud team and community.<\/p>\n<\/div><\/div><div class=\"col-lg-6 col-md-6 spacer\"><div class=\"item-box \"><h4>+10K forum signups \ud83e\udd13<\/h4><p>+6.4K new topics and +31K new posts on the Nextcloud Community forum.<\/p>\n<\/div><\/div><div class=\"col-lg-6 col-md-6 spacer\"><div class=\"item-box \"><h4>$110K bug bounty program \ud83e\ude7a<\/h4><p>Our team worked with 100 security experts, with 100% response efficiency.<\/p>\n<\/div><\/div><div class=\"col-lg-6 col-md-6 spacer\"><div class=\"item-box \"><h4>107 languages \ud83d\udcac<\/h4><p>Thanks to the translator community, Nextcloud is available in 107 languages, 41 exceeding 50% completion.<\/p>\n<\/div><\/div>\t\t<\/div>\n\t<\/div>\n<\/section>\n\n\n\n<h3 class=\"wp-block-heading\">Nextcloud Community Conference<\/h3>\n\n\n\n<p>Mit einer Rekordbeteiligung von 400 G\u00e4sten hatten wir viel Spa\u00df bei unserem j\u00e4hrlichen Community-Treffen in Berlin im September dieses Jahres.<\/p>\n\n\n<section class=\"simple-slider-section \" id=\"\">\r\n\t<div class=\"\">\r\n                    <div class=\"owl-carousel simple_slider_slideshow\" id=\"\">\r\n                                    <div class=\"gallery_item\" id=\"343227\">\r\n                        <a href=\"https:\/\/nextcloud.com\/c\/uploads\/2025\/10\/Conference-2025-group-pic-scaled.jpg\" class=\"simple_slider_slideshow_link\">\r\n                            <img decoding=\"async\" width=\"2560\" height=\"1440\" src=\"https:\/\/nextcloud.com\/c\/uploads\/2025\/10\/Conference-2025-group-pic-scaled.jpg\" class=\"attachment-full size-full\" alt=\"Picture of the community members at the Nextcloud Community Conference 2025\" srcset=\"https:\/\/nextcloud.com\/c\/uploads\/2025\/10\/Conference-2025-group-pic-scaled.jpg 2560w, https:\/\/nextcloud.com\/c\/uploads\/2025\/10\/Conference-2025-group-pic-300x169.jpg 300w, https:\/\/nextcloud.com\/c\/uploads\/2025\/10\/Conference-2025-group-pic-1024x576.jpg 1024w, https:\/\/nextcloud.com\/c\/uploads\/2025\/10\/Conference-2025-group-pic-768x432.jpg 768w, https:\/\/nextcloud.com\/c\/uploads\/2025\/10\/Conference-2025-group-pic-1536x864.jpg 1536w, https:\/\/nextcloud.com\/c\/uploads\/2025\/10\/Conference-2025-group-pic-2048x1152.jpg 2048w\" sizes=\"(max-width: 2560px) 100vw, 2560px\" \/>                        <\/a>\r\n                                            <\/div>\r\n                                    <div class=\"gallery_item\" id=\"358871\">\r\n                        <a href=\"https:\/\/nextcloud.com\/c\/uploads\/2025\/12\/Nextcloud_Community-Conference-2025_54.png\" class=\"simple_slider_slideshow_link\">\r\n                            <img decoding=\"async\" width=\"1920\" height=\"1282\" src=\"https:\/\/nextcloud.com\/c\/uploads\/2025\/12\/Nextcloud_Community-Conference-2025_54.png\" class=\"attachment-full size-full\" alt=\"Nextcloud_Community Conference 2025: keynote by Jos Poortvliet\" srcset=\"https:\/\/nextcloud.com\/c\/uploads\/2025\/12\/Nextcloud_Community-Conference-2025_54.png 1920w, https:\/\/nextcloud.com\/c\/uploads\/2025\/12\/Nextcloud_Community-Conference-2025_54-300x200.png 300w, https:\/\/nextcloud.com\/c\/uploads\/2025\/12\/Nextcloud_Community-Conference-2025_54-863x576.png 863w, https:\/\/nextcloud.com\/c\/uploads\/2025\/12\/Nextcloud_Community-Conference-2025_54-768x513.png 768w, https:\/\/nextcloud.com\/c\/uploads\/2025\/12\/Nextcloud_Community-Conference-2025_54-1536x1026.png 1536w\" sizes=\"(max-width: 1920px) 100vw, 1920px\" \/>                        <\/a>\r\n                                            <\/div>\r\n                                    <div class=\"gallery_item\" id=\"358851\">\r\n                        <a href=\"https:\/\/nextcloud.com\/c\/uploads\/2025\/12\/Nextcloud_Community-Conference-2025_24.jpg\" class=\"simple_slider_slideshow_link\">\r\n                            <img decoding=\"async\" width=\"1920\" height=\"1280\" src=\"https:\/\/nextcloud.com\/c\/uploads\/2025\/12\/Nextcloud_Community-Conference-2025_24.jpg\" class=\"attachment-full size-full\" alt=\"Nextcloud_Community Conference 2025: r\" srcset=\"https:\/\/nextcloud.com\/c\/uploads\/2025\/12\/Nextcloud_Community-Conference-2025_24.jpg 1920w, https:\/\/nextcloud.com\/c\/uploads\/2025\/12\/Nextcloud_Community-Conference-2025_24-300x200.jpg 300w, https:\/\/nextcloud.com\/c\/uploads\/2025\/12\/Nextcloud_Community-Conference-2025_24-864x576.jpg 864w, https:\/\/nextcloud.com\/c\/uploads\/2025\/12\/Nextcloud_Community-Conference-2025_24-768x512.jpg 768w, https:\/\/nextcloud.com\/c\/uploads\/2025\/12\/Nextcloud_Community-Conference-2025_24-1536x1024.jpg 1536w\" sizes=\"(max-width: 1920px) 100vw, 1920px\" \/>                        <\/a>\r\n                                            <\/div>\r\n                                    <div class=\"gallery_item\" id=\"358856\">\r\n                        <a href=\"https:\/\/nextcloud.com\/c\/uploads\/2025\/12\/Nextcloud_Community-Conference-2025_29.jpg\" class=\"simple_slider_slideshow_link\">\r\n                            <img decoding=\"async\" width=\"1920\" height=\"1280\" src=\"https:\/\/nextcloud.com\/c\/uploads\/2025\/12\/Nextcloud_Community-Conference-2025_29.jpg\" class=\"attachment-full size-full\" alt=\"Nextcloud_Community Conference 2025: round table photo\" srcset=\"https:\/\/nextcloud.com\/c\/uploads\/2025\/12\/Nextcloud_Community-Conference-2025_29.jpg 1920w, https:\/\/nextcloud.com\/c\/uploads\/2025\/12\/Nextcloud_Community-Conference-2025_29-300x200.jpg 300w, https:\/\/nextcloud.com\/c\/uploads\/2025\/12\/Nextcloud_Community-Conference-2025_29-864x576.jpg 864w, https:\/\/nextcloud.com\/c\/uploads\/2025\/12\/Nextcloud_Community-Conference-2025_29-768x512.jpg 768w, https:\/\/nextcloud.com\/c\/uploads\/2025\/12\/Nextcloud_Community-Conference-2025_29-1536x1024.jpg 1536w\" sizes=\"(max-width: 1920px) 100vw, 1920px\" \/>                        <\/a>\r\n                                            <\/div>\r\n                                    <div class=\"gallery_item\" id=\"358861\">\r\n                        <a href=\"https:\/\/nextcloud.com\/c\/uploads\/2025\/12\/Nextcloud_Community-Conference-2025_35.jpg\" class=\"simple_slider_slideshow_link\">\r\n                            <img decoding=\"async\" width=\"1920\" height=\"1259\" src=\"https:\/\/nextcloud.com\/c\/uploads\/2025\/12\/Nextcloud_Community-Conference-2025_35.jpg\" class=\"attachment-full size-full\" alt=\"Nextcloud_Community Conference 2025: Monty Widenius on stage\" srcset=\"https:\/\/nextcloud.com\/c\/uploads\/2025\/12\/Nextcloud_Community-Conference-2025_35.jpg 1920w, https:\/\/nextcloud.com\/c\/uploads\/2025\/12\/Nextcloud_Community-Conference-2025_35-300x197.jpg 300w, https:\/\/nextcloud.com\/c\/uploads\/2025\/12\/Nextcloud_Community-Conference-2025_35-878x576.jpg 878w, https:\/\/nextcloud.com\/c\/uploads\/2025\/12\/Nextcloud_Community-Conference-2025_35-768x504.jpg 768w, https:\/\/nextcloud.com\/c\/uploads\/2025\/12\/Nextcloud_Community-Conference-2025_35-1536x1007.jpg 1536w\" sizes=\"(max-width: 1920px) 100vw, 1920px\" \/>                        <\/a>\r\n                                            <\/div>\r\n                                    <div class=\"gallery_item\" id=\"358846\">\r\n                        <a href=\"https:\/\/nextcloud.com\/c\/uploads\/2025\/12\/Nextcloud_Community-Conference-2025_4.jpg\" class=\"simple_slider_slideshow_link\">\r\n                            <img decoding=\"async\" width=\"1920\" height=\"1280\" src=\"https:\/\/nextcloud.com\/c\/uploads\/2025\/12\/Nextcloud_Community-Conference-2025_4.jpg\" class=\"attachment-full size-full\" alt=\"Nextcloud_Community Conference 2025: Workshop photo\" srcset=\"https:\/\/nextcloud.com\/c\/uploads\/2025\/12\/Nextcloud_Community-Conference-2025_4.jpg 1920w, https:\/\/nextcloud.com\/c\/uploads\/2025\/12\/Nextcloud_Community-Conference-2025_4-300x200.jpg 300w, https:\/\/nextcloud.com\/c\/uploads\/2025\/12\/Nextcloud_Community-Conference-2025_4-864x576.jpg 864w, https:\/\/nextcloud.com\/c\/uploads\/2025\/12\/Nextcloud_Community-Conference-2025_4-768x512.jpg 768w, https:\/\/nextcloud.com\/c\/uploads\/2025\/12\/Nextcloud_Community-Conference-2025_4-1536x1024.jpg 1536w\" sizes=\"(max-width: 1920px) 100vw, 1920px\" \/>                        <\/a>\r\n                                            <\/div>\r\n                            <\/ul>\r\n        \t<\/div>\r\n<\/section>\r\n<script>\r\n    jQuery(document).ready(function ($) {\r\n        var owl_simple_slider = $('.simple_slider_slideshow');\r\n        owl_simple_slider.owlCarousel({\r\n            loop: false,\r\n            stagePadding: 50,\r\n            autoplay: true,\r\n            margin:10,\r\n            dots: false,\r\n            nav:true,\r\n            responsive:{\r\n                0:{\r\n                    items:1\r\n                },\r\n                600:{\r\n                    items:1\r\n                },\r\n                800:{\r\n                    items:1\r\n                },\r\n                1000:{\r\n                    items:1\r\n                }\r\n            },\r\n            onDragged: owl_stop_autoplay,\r\n            autoplayHoverPause:true,\r\n            onInitialized: function (event) {\r\n\t\t\t\t\/\/ Remove role=\"presentation\" from arrows\r\n\t\t\t\t$('.owl-prev, .owl-next').removeAttr('role');\r\n\t\t\t\t$('.owl-prev, .owl-next').attr('tabindex', 0);\r\n\t\t\t}\r\n        });\r\n\r\n        \/\/ Assign original indices to real (non-cloned) items\r\n\t\towl_simple_slider.find('.owl-item:not(.cloned)').each(function (i) {\r\n\t\t\t$(this).attr('data-original-index', i);\r\n\t\t});\r\n\r\n\t\t\/\/ Focus handling for links, buttons, inputs, etc.\r\n\t\towl_simple_slider.on('focusin', '.owl-item a, .owl-item button, .owl-item input', function () {\r\n\t\t\tconst $focusedItem = $(this).closest('.owl-item');\r\n\r\n\t\t\tif (!$focusedItem.length || $focusedItem.hasClass('cloned')) {\r\n\t\t\t\/\/ Try to find the real item (not a clone)\r\n\t\t\tconst realIndex = $focusedItem.data('original-index');\r\n\t\t\tif (typeof realIndex !== 'undefined') {\r\n\t\t\t\towl_simple_slider.trigger('to.owl.carousel', [realIndex, 300, true]);\r\n\t\t\t}\r\n\t\t\treturn;\r\n\t\t\t}\r\n\r\n\t\t\tconst index = $focusedItem.data('original-index');\r\n\t\t\tif (typeof index !== 'undefined') {\r\n\t\t\towl_simple_slider.trigger('to.owl.carousel', [index, 300, true]);\r\n\t\t\t}\r\n\t\t});\r\n\r\n        owl_simple_slider.on('click', function(e) {\r\n            owl_stop_autoplay();\r\n        });\r\n        function owl_stop_autoplay() {\r\n            \/\/console.log('autoplay stopped.');\r\n            owl_simple_slider.trigger('stop.owl.autoplay');\r\n        }\r\n\r\n    });\r\n<\/script>\r\n\n\n\n<p>Einige Highlights:<\/p>\n\n\n\n<ul class=\"wp-block-list nc-list\">\n<li>Michael \u201eMonty\u201c Widenius, Sch\u00f6pfer von MySQL und MariaDB, hielt eine Keynote mit dem Titel \u201eBuilding Trust with MariaDB: Open Source as a Path to Digital Sovereignty\u201d.<\/li>\n\n\n\n<li>Daphne Muller, Managerin Alliances, Ecosystem &amp; Support bei Nextcloud, hielt einen Vortrag zur praktischen Umsetzung der EU KI-Verordnung f\u00fcr Open-Source-Software.<\/li>\n\n\n\n<li>Das Panel \u201eHow to contribute?\u201c und die Diskussionsrunde \u201eVoices of the community\u201c gaben uns Gelegenheit, uns zusammenzusetzen und dar\u00fcber zu diskutieren, was die Zugeh\u00f6rigkeit zur Community im Jahr 2025 tats\u00e4chlich ausmacht.<\/li>\n\n\n\n<li>Und nat\u00fcrlich war das Wochenende vollgepackt mit Blitzvortr\u00e4gen von Nextcloud-Fans, Mitwirkenden und Entwicklern von Nextcloud-Integrationen, mit praktischen Workshops, vielen Networking-M\u00f6glichkeiten und Aktivit\u00e4ten.<\/li>\n<\/ul>\n\n\n\n<h4 class=\"wp-block-heading\">Wir freuen uns darauf, Sie kennenzulernen!<\/h4>\n\n\n\n<p>Die Nextcloud Community Conference ist ein ganz besonderes Ereignis. Wenn Sie sich gern mit anderen Nextcloudern austauschen m\u00f6chten, aber die Reise nach Berlin schwierig ist, denken Sie daran, dass wir \u00fcber <a href=\"https:\/\/nextcloud.com\/blog\/the-nextcloud-include-initiative-how-nextcloud-supports-diversity-in-open-source\/\" target=\"_blank\" rel=\"noreferrer noopener\">Nextcloud Include<\/a> Reisekostenzusch\u00fcsse anbieten und die M\u00f6glichkeit bieten, sich als Freiwilliger bei der Veranstaltung zu engagieren.<\/p>\n\n\n\n<p>Lassen Sie uns 2026 noch mehr erreichen! <\/p>\n\n\n\n<h3 class=\"wp-block-heading\">Werden Sie Teil der Nextcloud Community: Nextcloud entwickeln, testen, \u00fcbersetzen, und lieben<\/h3>\n\n\n\n<p>Es gibt viele M\u00f6glichkeiten, sich zu engagieren: von der Bereitstellung von Code und der Entwicklung von Apps \u00fcber das Testen der Leistung und Sicherheit bis hin zu nicht-technischen Beitr\u00e4gen wie Dokumentation und \u00dcbersetzung. Werden Sie Teil unserer wachsenden Community und unterst\u00fctzen Sie unsere Mission!<\/p>\n\n\n\n<div style=\"height:40px\" aria-hidden=\"true\" class=\"wp-block-spacer\"><\/div>\n\n\n\n<div class=\"wp-block-buttons is-content-justification-center is-layout-flex wp-container-core-buttons-is-layout-16018d1d wp-block-buttons-is-layout-flex\">\n<div class=\"wp-block-button\"><a class=\"wp-block-button__link wp-element-button\" href=\"https:\/\/nextcloud.com\/de\/contribute\/\" target=\"_blank\" rel=\"noreferrer noopener\">Bei Nextcloud mitmachen<\/a><\/div>\n<\/div>\n\n\n\n<div style=\"height:40px\" aria-hidden=\"true\" class=\"wp-block-spacer\"><\/div>\n\n\n\n<h4 class=\"wp-block-heading\">M\u00f6chten Sie mit der Entwicklung von Apps beginnen? Dann los!<\/h4>\n\n\n\n<p>Wenn Sie Ihre F\u00e4higkeiten und Kenntnisse testen und mit dem Programmieren beginnen m\u00f6chten, wachsen Sie mit uns gemeinsam in einem dynamischen \u00d6kosystem der f\u00fchrenden Open-Source-Kollaborationsplattform. Genie\u00dfen Sie eine F\u00fclle von Entwickler-Tutorials, eine umfangreiche API-Bibliothek und einen gro\u00dfen, einladenden App Store.<\/p>\n\n\n\n<div style=\"height:40px\" aria-hidden=\"true\" class=\"wp-block-spacer\"><\/div>\n\n\n\n<div class=\"wp-block-buttons is-content-justification-center is-layout-flex wp-container-core-buttons-is-layout-16018d1d wp-block-buttons-is-layout-flex\">\n<div class=\"wp-block-button\"><a class=\"wp-block-button__link wp-element-button\" href=\"https:\/\/nextcloud.com\/de\/entwickeln\/\" target=\"_blank\" rel=\"noreferrer noopener\">Entwickeln f\u00fcr Nextcloud<\/a><\/div>\n<\/div>\n\n\n\n<div style=\"height:40px\" aria-hidden=\"true\" class=\"wp-block-spacer\"><\/div>\n\n\n\n<h2 class=\"wp-block-heading\">Momente auf der ganzen Welt: Ereignisse im Jahr 2025<\/h2>\n\n\n<section class=\"industries-section wide\" id=\"\">\n\t<div class=\"container\">\n\t\t\t\t<div class=\"row\">\n\t\t\t<div class=\"col-12\">\n\t\t\t\t<div class=\"text-block\">\n\t\t\t\t\t\t\t\t\t<\/div>\n\t\t\t<\/div>\n\t\t<\/div>\n\t\t<div class=\"row\">\n\t\t\t<div class=\"col-lg-6 col-md-6 spacer\"><div class=\"item-box \"><h4>28 events<\/h4><p>Trade shows and conferences attended around the world<\/p>\n<\/div><\/div><div class=\"col-lg-6 col-md-6 spacer\"><div class=\"item-box \"><h4>4 Nextcloud Enterprise Days <\/h4><p>In Denmark, France and twice in the Netherlands<\/p>\n<\/div><\/div><div class=\"col-lg-6 col-md-6 spacer\"><div class=\"item-box \"><h4>Nextcloud Summit<\/h4><p>Our first global flagship event<\/p>\n<\/div><\/div><div class=\"col-lg-6 col-md-6 spacer\"><div class=\"item-box \"><h4>Nextcloud Conference<\/h4><p>Annual Nextcloud community gathering<\/p>\n<\/div><\/div>\t\t<\/div>\n\t<\/div>\n<\/section>\n\n\n\n<h3 class=\"wp-block-heading\">Nextcloud Summit: Die Revolution der digitalen Souver\u00e4nit\u00e4t beginnt hier<\/h3>\n\n\n\n<p>Digitale Souver\u00e4nit\u00e4t ist eine Bewegung, und wir haben den Startschuss gegeben. Im Juni haben wir den ersten Nextcloud Summit organisiert, der sofort ein voller Erfolg war: \u00dcber 400 Teilnehmer aus mehr als 10 verschiedenen L\u00e4ndern, 20 bemerkenswerte Vortr\u00e4ge und 30 Referenten auf der B\u00fchne.<\/p>\n\n\n<section class=\"simple-slider-section \" id=\"\">\r\n\t<div class=\"\">\r\n                    <div class=\"owl-carousel simple_slider_slideshow\" id=\"\">\r\n                                    <div class=\"gallery_item\" id=\"327496\">\r\n                        <a href=\"https:\/\/nextcloud.com\/c\/uploads\/2025\/08\/Nextcloud_Summit_202576-web.jpg\" class=\"simple_slider_slideshow_link\">\r\n                            <img decoding=\"async\" width=\"1920\" height=\"1080\" src=\"https:\/\/nextcloud.com\/c\/uploads\/2025\/08\/Nextcloud_Summit_202576-web.jpg\" class=\"attachment-full size-full\" alt=\"\" srcset=\"https:\/\/nextcloud.com\/c\/uploads\/2025\/08\/Nextcloud_Summit_202576-web.jpg 1920w, https:\/\/nextcloud.com\/c\/uploads\/2025\/08\/Nextcloud_Summit_202576-web-300x169.jpg 300w, https:\/\/nextcloud.com\/c\/uploads\/2025\/08\/Nextcloud_Summit_202576-web-1024x576.jpg 1024w, https:\/\/nextcloud.com\/c\/uploads\/2025\/08\/Nextcloud_Summit_202576-web-768x432.jpg 768w, https:\/\/nextcloud.com\/c\/uploads\/2025\/08\/Nextcloud_Summit_202576-web-1536x864.jpg 1536w\" sizes=\"(max-width: 1920px) 100vw, 1920px\" \/>                        <\/a>\r\n                                            <\/div>\r\n                                    <div class=\"gallery_item\" id=\"336299\">\r\n                        <a href=\"https:\/\/nextcloud.com\/c\/uploads\/2025\/09\/Nextcloud-Summit-2025-attendees-2.jpg\" class=\"simple_slider_slideshow_link\">\r\n                            <img decoding=\"async\" width=\"1920\" height=\"1080\" src=\"https:\/\/nextcloud.com\/c\/uploads\/2025\/09\/Nextcloud-Summit-2025-attendees-2.jpg\" class=\"attachment-full size-full\" alt=\"\" srcset=\"https:\/\/nextcloud.com\/c\/uploads\/2025\/09\/Nextcloud-Summit-2025-attendees-2.jpg 1920w, https:\/\/nextcloud.com\/c\/uploads\/2025\/09\/Nextcloud-Summit-2025-attendees-2-300x169.jpg 300w, https:\/\/nextcloud.com\/c\/uploads\/2025\/09\/Nextcloud-Summit-2025-attendees-2-1024x576.jpg 1024w, https:\/\/nextcloud.com\/c\/uploads\/2025\/09\/Nextcloud-Summit-2025-attendees-2-768x432.jpg 768w, https:\/\/nextcloud.com\/c\/uploads\/2025\/09\/Nextcloud-Summit-2025-attendees-2-1536x864.jpg 1536w\" sizes=\"(max-width: 1920px) 100vw, 1920px\" \/>                        <\/a>\r\n                                            <\/div>\r\n                                    <div class=\"gallery_item\" id=\"336778\">\r\n                        <a href=\"https:\/\/nextcloud.com\/c\/uploads\/2025\/09\/Nextcloud-Summi-2025-speaker-2.jpg\" class=\"simple_slider_slideshow_link\">\r\n                            <img decoding=\"async\" width=\"1920\" height=\"1080\" src=\"https:\/\/nextcloud.com\/c\/uploads\/2025\/09\/Nextcloud-Summi-2025-speaker-2.jpg\" class=\"attachment-full size-full\" alt=\"\" srcset=\"https:\/\/nextcloud.com\/c\/uploads\/2025\/09\/Nextcloud-Summi-2025-speaker-2.jpg 1920w, https:\/\/nextcloud.com\/c\/uploads\/2025\/09\/Nextcloud-Summi-2025-speaker-2-300x169.jpg 300w, https:\/\/nextcloud.com\/c\/uploads\/2025\/09\/Nextcloud-Summi-2025-speaker-2-1024x576.jpg 1024w, https:\/\/nextcloud.com\/c\/uploads\/2025\/09\/Nextcloud-Summi-2025-speaker-2-768x432.jpg 768w, https:\/\/nextcloud.com\/c\/uploads\/2025\/09\/Nextcloud-Summi-2025-speaker-2-1536x864.jpg 1536w\" sizes=\"(max-width: 1920px) 100vw, 1920px\" \/>                        <\/a>\r\n                                            <\/div>\r\n                                    <div class=\"gallery_item\" id=\"336794\">\r\n                        <a href=\"https:\/\/nextcloud.com\/c\/uploads\/2025\/09\/Nextcloud-Summi-2025-panel-session.jpg\" class=\"simple_slider_slideshow_link\">\r\n                            <img decoding=\"async\" width=\"1920\" height=\"1080\" src=\"https:\/\/nextcloud.com\/c\/uploads\/2025\/09\/Nextcloud-Summi-2025-panel-session.jpg\" class=\"attachment-full size-full\" alt=\"\" srcset=\"https:\/\/nextcloud.com\/c\/uploads\/2025\/09\/Nextcloud-Summi-2025-panel-session.jpg 1920w, https:\/\/nextcloud.com\/c\/uploads\/2025\/09\/Nextcloud-Summi-2025-panel-session-300x169.jpg 300w, https:\/\/nextcloud.com\/c\/uploads\/2025\/09\/Nextcloud-Summi-2025-panel-session-1024x576.jpg 1024w, https:\/\/nextcloud.com\/c\/uploads\/2025\/09\/Nextcloud-Summi-2025-panel-session-768x432.jpg 768w, https:\/\/nextcloud.com\/c\/uploads\/2025\/09\/Nextcloud-Summi-2025-panel-session-1536x864.jpg 1536w\" sizes=\"(max-width: 1920px) 100vw, 1920px\" \/>                        <\/a>\r\n                                            <\/div>\r\n                                    <div class=\"gallery_item\" id=\"336865\">\r\n                        <a href=\"https:\/\/nextcloud.com\/c\/uploads\/2025\/09\/20250605-NextcloudSummit04090.jpg\" class=\"simple_slider_slideshow_link\">\r\n                            <img decoding=\"async\" width=\"1920\" height=\"1080\" src=\"https:\/\/nextcloud.com\/c\/uploads\/2025\/09\/20250605-NextcloudSummit04090.jpg\" class=\"attachment-full size-full\" alt=\"\" srcset=\"https:\/\/nextcloud.com\/c\/uploads\/2025\/09\/20250605-NextcloudSummit04090.jpg 1920w, https:\/\/nextcloud.com\/c\/uploads\/2025\/09\/20250605-NextcloudSummit04090-300x169.jpg 300w, https:\/\/nextcloud.com\/c\/uploads\/2025\/09\/20250605-NextcloudSummit04090-1024x576.jpg 1024w, https:\/\/nextcloud.com\/c\/uploads\/2025\/09\/20250605-NextcloudSummit04090-768x432.jpg 768w, https:\/\/nextcloud.com\/c\/uploads\/2025\/09\/20250605-NextcloudSummit04090-1536x864.jpg 1536w\" sizes=\"(max-width: 1920px) 100vw, 1920px\" \/>                        <\/a>\r\n                                            <\/div>\r\n                                    <div class=\"gallery_item\" id=\"336783\">\r\n                        <a href=\"https:\/\/nextcloud.com\/c\/uploads\/2025\/09\/Nextcloud-Summi-2025.jpg\" class=\"simple_slider_slideshow_link\">\r\n                            <img decoding=\"async\" width=\"1920\" height=\"1080\" src=\"https:\/\/nextcloud.com\/c\/uploads\/2025\/09\/Nextcloud-Summi-2025.jpg\" class=\"attachment-full size-full\" alt=\"\" srcset=\"https:\/\/nextcloud.com\/c\/uploads\/2025\/09\/Nextcloud-Summi-2025.jpg 1920w, https:\/\/nextcloud.com\/c\/uploads\/2025\/09\/Nextcloud-Summi-2025-300x169.jpg 300w, https:\/\/nextcloud.com\/c\/uploads\/2025\/09\/Nextcloud-Summi-2025-1024x576.jpg 1024w, https:\/\/nextcloud.com\/c\/uploads\/2025\/09\/Nextcloud-Summi-2025-768x432.jpg 768w, https:\/\/nextcloud.com\/c\/uploads\/2025\/09\/Nextcloud-Summi-2025-1536x864.jpg 1536w\" sizes=\"(max-width: 1920px) 100vw, 1920px\" \/>                        <\/a>\r\n                                            <\/div>\r\n                                    <div class=\"gallery_item\" id=\"336294\">\r\n                        <a href=\"https:\/\/nextcloud.com\/c\/uploads\/2025\/09\/Nextcloud-Summit-2025-agenda.jpg\" class=\"simple_slider_slideshow_link\">\r\n                            <img decoding=\"async\" width=\"1920\" height=\"1080\" src=\"https:\/\/nextcloud.com\/c\/uploads\/2025\/09\/Nextcloud-Summit-2025-agenda.jpg\" class=\"attachment-full size-full\" alt=\"\" srcset=\"https:\/\/nextcloud.com\/c\/uploads\/2025\/09\/Nextcloud-Summit-2025-agenda.jpg 1920w, https:\/\/nextcloud.com\/c\/uploads\/2025\/09\/Nextcloud-Summit-2025-agenda-300x169.jpg 300w, https:\/\/nextcloud.com\/c\/uploads\/2025\/09\/Nextcloud-Summit-2025-agenda-1024x576.jpg 1024w, https:\/\/nextcloud.com\/c\/uploads\/2025\/09\/Nextcloud-Summit-2025-agenda-768x432.jpg 768w, https:\/\/nextcloud.com\/c\/uploads\/2025\/09\/Nextcloud-Summit-2025-agenda-1536x864.jpg 1536w\" sizes=\"(max-width: 1920px) 100vw, 1920px\" \/>                        <\/a>\r\n                                            <\/div>\r\n                                    <div class=\"gallery_item\" id=\"327491\">\r\n                        <a href=\"https:\/\/nextcloud.com\/c\/uploads\/2025\/08\/Nextcloud_Summit_202567-web.jpg\" class=\"simple_slider_slideshow_link\">\r\n                            <img decoding=\"async\" width=\"1920\" height=\"1080\" src=\"https:\/\/nextcloud.com\/c\/uploads\/2025\/08\/Nextcloud_Summit_202567-web.jpg\" class=\"attachment-full size-full\" alt=\"\" srcset=\"https:\/\/nextcloud.com\/c\/uploads\/2025\/08\/Nextcloud_Summit_202567-web.jpg 1920w, https:\/\/nextcloud.com\/c\/uploads\/2025\/08\/Nextcloud_Summit_202567-web-300x169.jpg 300w, https:\/\/nextcloud.com\/c\/uploads\/2025\/08\/Nextcloud_Summit_202567-web-1024x576.jpg 1024w, https:\/\/nextcloud.com\/c\/uploads\/2025\/08\/Nextcloud_Summit_202567-web-768x432.jpg 768w, https:\/\/nextcloud.com\/c\/uploads\/2025\/08\/Nextcloud_Summit_202567-web-1536x864.jpg 1536w\" sizes=\"(max-width: 1920px) 100vw, 1920px\" \/>                        <\/a>\r\n                                            <\/div>\r\n                            <\/ul>\r\n        \t<\/div>\r\n<\/section>\r\n<script>\r\n    jQuery(document).ready(function ($) {\r\n        var owl_simple_slider = $('.simple_slider_slideshow');\r\n        owl_simple_slider.owlCarousel({\r\n            loop: false,\r\n            stagePadding: 50,\r\n            autoplay: true,\r\n            margin:10,\r\n            dots: false,\r\n            nav:true,\r\n            responsive:{\r\n                0:{\r\n                    items:1\r\n                },\r\n                600:{\r\n                    items:1\r\n                },\r\n                800:{\r\n                    items:1\r\n                },\r\n                1000:{\r\n                    items:1\r\n                }\r\n            },\r\n            onDragged: owl_stop_autoplay,\r\n            autoplayHoverPause:true,\r\n            onInitialized: function (event) {\r\n\t\t\t\t\/\/ Remove role=\"presentation\" from arrows\r\n\t\t\t\t$('.owl-prev, .owl-next').removeAttr('role');\r\n\t\t\t\t$('.owl-prev, .owl-next').attr('tabindex', 0);\r\n\t\t\t}\r\n        });\r\n\r\n        \/\/ Assign original indices to real (non-cloned) items\r\n\t\towl_simple_slider.find('.owl-item:not(.cloned)').each(function (i) {\r\n\t\t\t$(this).attr('data-original-index', i);\r\n\t\t});\r\n\r\n\t\t\/\/ Focus handling for links, buttons, inputs, etc.\r\n\t\towl_simple_slider.on('focusin', '.owl-item a, .owl-item button, .owl-item input', function () {\r\n\t\t\tconst $focusedItem = $(this).closest('.owl-item');\r\n\r\n\t\t\tif (!$focusedItem.length || $focusedItem.hasClass('cloned')) {\r\n\t\t\t\/\/ Try to find the real item (not a clone)\r\n\t\t\tconst realIndex = $focusedItem.data('original-index');\r\n\t\t\tif (typeof realIndex !== 'undefined') {\r\n\t\t\t\towl_simple_slider.trigger('to.owl.carousel', [realIndex, 300, true]);\r\n\t\t\t}\r\n\t\t\treturn;\r\n\t\t\t}\r\n\r\n\t\t\tconst index = $focusedItem.data('original-index');\r\n\t\t\tif (typeof index !== 'undefined') {\r\n\t\t\towl_simple_slider.trigger('to.owl.carousel', [index, 300, true]);\r\n\t\t\t}\r\n\t\t});\r\n\r\n        owl_simple_slider.on('click', function(e) {\r\n            owl_stop_autoplay();\r\n        });\r\n        function owl_stop_autoplay() {\r\n            \/\/console.log('autoplay stopped.');\r\n            owl_simple_slider.trigger('stop.owl.autoplay');\r\n        }\r\n\r\n    });\r\n<\/script>\r\n\n\n\n<p>Zu den H\u00f6hepunkten des Programms geh\u00f6rten:  <\/p>\n\n\n\n<ul class=\"wp-block-list nc-list\">\n<li>Keynotes von Dr. Cristina Caffarra, \u00d6konomin und Kartellrechtsexpertin, und Sven Thomsen, CIO des Bundeslandes Schleswig-Holstein<\/li>\n\n\n\n<li>Launch von Nextcloud Talk \u201eMunich\u201c als datenschutzorientierte Alternative zu Microsoft Teams<\/li>\n\n\n\n<li>Die allererste Nextcloud-Preisverleihung<\/li>\n\n\n\n<li>Erfolgsgeschichten von Kunden und ma\u00dfgeschneiderte Angebote f\u00fcr Unternehmen, Beh\u00f6rden, Entwickler und die Presse<\/li>\n<\/ul>\n\n\n\n<p>Wir freuen uns darauf, die Dynamik der digitalen Souver\u00e4nit\u00e4t im Jahr 2026 weiter auszubauen. Seien Sie bei unserem n\u00e4chsten Nextcloud Summit live dabei!<\/p>\n\n\n<section class=\"promo-section  summitGradient summitBackground \" id=\"\" style=\"\" data-expiration=\"\">\n\t<div class=\"container\">\n\t\t<div class=\"row\">\n\t\t\t<div class=\"col-12\">\n\t\t\t\t<div class=\"text-block\">\n\t\t\t\t\t<h2>Nextcloud Summit 2026: Sichern Sie sich jetzt Ihren Platz!<\/h2><p>Die Anmeldungen f\u00fcr die n\u00e4chste Ausgabe des Nextcloud Summit am 9. Juni 2026 in M\u00fcnchen sind bereits m\u00f6glich. Reservieren Sie Ihren Platz zum Fr\u00fchbucherpreis.<\/p>\n<a class=\"c-btn btn-white\" href=\"https:\/\/nextcloud.com\/summit\/\" target=\"_blank\">Registrieren<\/a>\t\t\t\t<\/div>\n\t\t\t<\/div>\n\t\t<\/div>\n\t<\/div>\n<\/section>\n\n\n\n<h3 class=\"wp-block-heading\">Nextcloud Enterprise Days<\/h3>\n\n\n\n<p>Nextcloud w\u00e4chst in einigen L\u00e4ndern bemerkenswert schnell. Aus diesem Grund haben wir uns entschlossen, die Nextcloud Enterprise Days auf die lokale Agenda zu konzentrieren: Best Practices aus der Wirtschaft und dem \u00f6ffentlichen Sektor, die auf lokale Vorschriften und die regionale Landschaft zugeschnitten sind; inspirierende regionale Erfolgsgeschichten; Referenten und G\u00e4ste, die das Publikum am meisten sch\u00e4tzt; und nat\u00fcrlich ein Programm in der lokalen Sprache f\u00fcr jede Veranstaltung.<\/p>\n\n\n\n<figure class=\"wp-block-image size-full imageRoundShadow\"><img decoding=\"async\" width=\"2560\" height=\"1709\" src=\"https:\/\/nextcloud.com\/c\/uploads\/2025\/11\/welcome-scaled.jpg\" alt=\"\" class=\"wp-image-356087\" srcset=\"https:\/\/nextcloud.com\/c\/uploads\/2025\/11\/welcome-scaled.jpg 2560w, https:\/\/nextcloud.com\/c\/uploads\/2025\/11\/welcome-300x200.jpg 300w, https:\/\/nextcloud.com\/c\/uploads\/2025\/11\/welcome-863x576.jpg 863w, https:\/\/nextcloud.com\/c\/uploads\/2025\/11\/welcome-768x513.jpg 768w, https:\/\/nextcloud.com\/c\/uploads\/2025\/11\/welcome-1536x1025.jpg 1536w, https:\/\/nextcloud.com\/c\/uploads\/2025\/11\/welcome-2048x1367.jpg 2048w\" sizes=\"(max-width: 2560px) 100vw, 2560px\" \/><\/figure>\n\n\n\n<p>Dieser Fokus machte den Nextcloud Enterprise Day zu einem Pflichttermin:<\/p>\n\n\n\n<ul class=\"wp-block-list nc-list\">\n<li>Wir waren zweimal in Den Haag in den Niederlanden, mit jeweils 300 und fast 400 G\u00e4sten, was den urspr\u00fcnglichen Plan von 60 G\u00e4sten weit \u00fcbertraf. Unsere bisher erfolgreichsten <a href=\"https:\/\/nextcloud.com\/blog\/digital-sovereignty-is-gaining-momentum-in-the-netherlands-nextcloud-enterprise-day-shows\/\" target=\"_blank\" rel=\"noreferrer noopener\">Nextcloud Enterprise Days<\/a>.<\/li>\n\n\n\n<li>In fast schon j\u00e4hrlicher Wintertradition kehrte Nextcloud auch 2025 nach Paris zur\u00fcck, wobei sich die Teilnehmerzahl in diesem Jahr verdoppelte.<\/li>\n\n\n\n<li>Unsere erste Veranstaltung in Kopenhagen brachte unsere Freunde aus den nordischen L\u00e4ndern zusammen und die lang erwartete Diskussion in der Region ins Rollen.<\/li>\n<\/ul>\n\n\n\n<p>Der Nextcloud Enterprise Day hat sich zu unserem erfolgreichsten lokalisierten Veranstaltungsformat entwickelt, und wir freuen uns darauf, es als Format weiter auszubauen. Der Enterprise Day wird im Fr\u00fchjahr n\u00e4chsten Jahres in der Schweiz, in \u00d6sterreich und in Spanien stattfinden.<\/p>\n\n\n\n<h3 class=\"wp-block-heading\">Grundlagen und Vertiefungen: Unsere Nextcloud-Webinare<\/h3>\n\n\n\n<p>Wir haben dieses Jahr 71 Webinare veranstaltet, an denen \u00fcber 6,700 Menschen aus 137 L\u00e4ndern teilgenommen haben, um mehr \u00fcber die Bereitstellung und Nutzung von Nextcloud in verschiedenen Umgebungen zu erfahren: von hochsicheren Air-Gap-Umgebungen bis hin zu Anwendungsf\u00e4llen im Bildungsbereich und in Unternehmen. Unser beliebtestes Webinar in diesem Jahr hatte 887 Anmeldungen!<\/p>\n\n\n\n<figure class=\"wp-block-image size-full imageRoundShadow\"><a href=\"https:\/\/nextcloud.com\/blog\/event\/getting-started-nextcloud-enterprise\/\"><img decoding=\"async\" width=\"1920\" height=\"1080\" src=\"https:\/\/nextcloud.com\/c\/uploads\/2025\/04\/getting-started-nextcloud-enterprise-01-2026.png\" alt=\"Erste Schritte mit Nextcloud Enterprise\" class=\"wp-image-358686\" srcset=\"https:\/\/nextcloud.com\/c\/uploads\/2025\/04\/getting-started-nextcloud-enterprise-01-2026.png 1920w, https:\/\/nextcloud.com\/c\/uploads\/2025\/04\/getting-started-nextcloud-enterprise-01-2026-300x169.png 300w, https:\/\/nextcloud.com\/c\/uploads\/2025\/04\/getting-started-nextcloud-enterprise-01-2026-1024x576.png 1024w, https:\/\/nextcloud.com\/c\/uploads\/2025\/04\/getting-started-nextcloud-enterprise-01-2026-768x432.png 768w, https:\/\/nextcloud.com\/c\/uploads\/2025\/04\/getting-started-nextcloud-enterprise-01-2026-1536x864.png 1536w\" sizes=\"(max-width: 1920px) 100vw, 1920px\" \/><\/a><\/figure>\n\n\n\n<p>Unsere drei meistgesehenen Webinare 2025:<\/p>\n\n\n\n<ul class=\"wp-block-list nc-list\">\n<li><a href=\"https:\/\/nextcloud.com\/blog\/webinar\/nextcloud-hub-10-secure-and-private-alternative-to-ms365\/\" target=\"_blank\" rel=\"noreferrer noopener\">Nextcloud Hub 10: Die sichere und private Alternative zu Microsoft 365<\/a> <\/li>\n\n\n\n<li><a href=\"https:\/\/nextcloud.com\/blog\/webinar\/ms-digital-sovereignty-sendent\/\" target=\"_blank\" rel=\"noreferrer noopener\">Von Microsoft zur digitalen Souver\u00e4nit\u00e4t: Praxisnahe Schritte f\u00fcr Ihre Organisation <\/li>\n\n\n\n<li><a href=\"https:\/\/nextcloud.com\/blog\/webinar\/confluence-open-source-alternative\/\" target=\"_blank\" rel=\"noreferrer noopener\">Break free from Confluence: Your complete open source migration stack<\/a><\/li>\n<\/ul>\n\n\n\n<p>Haben Sie ein Webinar verpasst? Sie k\u00f6nnen zahlreiche Webinare, darunter auch die drei hervorgehobenen Webinare, auf Abruf ansehen! <\/p>\n\n\n\n<div style=\"height:40px\" aria-hidden=\"true\" class=\"wp-block-spacer\"><\/div>\n\n\n\n<div class=\"wp-block-group borderRadius has-background\" style=\"background-color:#e0edf8\"><div class=\"wp-block-group__inner-container is-layout-constrained wp-block-group-is-layout-constrained\">\n<h2 class=\"wp-block-heading\">Inhalte, die Ihnen dieses Jahr gefallen haben<\/h2>\n\n\n\n<p>In diesem Jahr haben wir 88 Blog-Artikel geschrieben, 12 Community-Newsletter verschickt, 61 Videos auf YouTube ver\u00f6ffentlicht und 2 neue Podcast-Episoden gehostet.<\/p>\n\n\n\n<div style=\"height:20px\" aria-hidden=\"true\" class=\"wp-block-spacer\"><\/div>\n\n\n\n<h3 class=\"wp-block-heading\">Das Beste aus unserem Blog 2025<\/h3>\n\n\n\n\n\n<ul class=\"wp-block-list nc-list\">\n<li><a href=\"https:\/\/nextcloud.com\/de\/blog\/der-erste-open-source-ki-assistent-der-ihre-privatsphare-schutzt\/\" target=\"_blank\" rel=\"noreferrer noopener\">Der erste Open-Source-KI-Assistent, der Ihre Privatsph\u00e4re sch\u00fctzt<\/a><\/li>\n\n\n\n<li><a href=\"https:\/\/nextcloud.com\/blog\/digital-sovereignty-index-how-countries-compare-in-digital-independence\/\" target=\"_blank\" rel=\"noreferrer noopener\">Index der digitalen Souver\u00e4nit\u00e4t: Wie L\u00e4nder in Bezug auf digitale Unabh\u00e4ngigkeit im Vergleich abschneiden<\/a><\/li>\n\n\n\n<li><a href=\"https:\/\/nextcloud.com\/blog\/how-the-eu-chat-control-law-is-a-threat-to-democracy\/\" target=\"_blank\" rel=\"noreferrer noopener\">Das vorgeschlagene EU-Gesetz zur Chatkontrolle ist eine Bedrohung f\u00fcr unsere Demokratie. Was k\u00f6nnen Sie tun, um es zu verhindern?<\/a><\/li>\n\n\n\n<li><a href=\"https:\/\/nextcloud.com\/blog\/austrias-ministry-of-economy-takes-decisive-steps-toward-digital-sovereignty\/\" target=\"_blank\" rel=\"noreferrer noopener\">Das \u00f6sterreichische Wirtschaftsministerium unternimmt entschlossene Schritte in Richtung digitale Souver\u00e4nit\u00e4t<\/a><\/li>\n\n\n\n<li><a href=\"https:\/\/nextcloud.com\/blog\/how-to-back-up-restore-nextcloud-remotely-using-borg\/\" target=\"_blank\" rel=\"noreferrer noopener\">Nextcloud AIO remote sichern und wiederherstellen mit BorgBackup<\/a><\/li>\n<\/ul>\n\n\n\n<h3 class=\"wp-block-heading\">Im Gespr\u00e4ch: Unser Nextcloud Podcast<\/h3>\n\n\n\n<figure class=\"wp-block-image size-full imageRoundShadow\"><img decoding=\"async\" width=\"1280\" height=\"720\" src=\"https:\/\/nextcloud.com\/c\/uploads\/2025\/08\/Nextcloud-Podcast-030.png\" alt=\"Nextcloud Podcast 030. Ihre Daten geh\u00f6ren Ihnen: Der Open-Source-Weg mit Nextcloud und MariaDB\" class=\"wp-image-330110\" srcset=\"https:\/\/nextcloud.com\/c\/uploads\/2025\/08\/Nextcloud-Podcast-030.png 1280w, https:\/\/nextcloud.com\/c\/uploads\/2025\/08\/Nextcloud-Podcast-030-300x169.png 300w, https:\/\/nextcloud.com\/c\/uploads\/2025\/08\/Nextcloud-Podcast-030-1024x576.png 1024w, https:\/\/nextcloud.com\/c\/uploads\/2025\/08\/Nextcloud-Podcast-030-768x432.png 768w\" sizes=\"(max-width: 1280px) 100vw, 1280px\" \/><\/figure>\n\n\n\n<ul class=\"wp-block-list nc-list\">\n<li><a href=\"https:\/\/nextcloud.com\/blog\/owning-your-data-the-open-source-path-with-nextcloud-and-mariadb\/\" target=\"_blank\" rel=\"noreferrer noopener\">Ihre Daten geh\u00f6ren Ihnen: Der Open-Source-Weg mit Nextcloud und MariaDB<\/a><\/li>\n\n\n\n<li><a href=\"https:\/\/nextcloud.com\/blog\/nextcloud-aio-the-easiest-way-to-self-host-nextcloud-with-simon-lindner\/\" target=\"_blank\" rel=\"noreferrer noopener\">Nextcloud AIO: Der einfachste Weg, Nextcloud selbst zu hosten. Gespr\u00e4ch mit Simon Lindner<\/a><\/li>\n<\/ul>\n\n\n\n<h3 class=\"wp-block-heading\">Erfolgsgeschichten, die Sie inspiriert haben<\/h3>\n\n\n\n<figure class=\"wp-block-image size-full imageRoundShadow\"><img decoding=\"async\" width=\"1920\" height=\"1080\" src=\"https:\/\/nextcloud.com\/c\/uploads\/2025\/10\/featured-image-blog-post-austrias-ministry-of-economy-digital-sovereignty.png\" alt=\"Ausgew\u00e4hltes Bild f\u00fcr den Blogbeitrag \u201e\u00d6sterreichisches Wirtschaftsministerium unternimmt entscheidende Schritte in Richtung digitale Souver\u00e4nit\u00e4t\u201c mit einem Hintergrund, der ein typisches \u00f6sterreichisches Dorf an einem See in den Bergen zeigt.\" class=\"wp-image-345539\" title=\"\" srcset=\"https:\/\/nextcloud.com\/c\/uploads\/2025\/10\/featured-image-blog-post-austrias-ministry-of-economy-digital-sovereignty.png 1920w, https:\/\/nextcloud.com\/c\/uploads\/2025\/10\/featured-image-blog-post-austrias-ministry-of-economy-digital-sovereignty-300x169.png 300w, https:\/\/nextcloud.com\/c\/uploads\/2025\/10\/featured-image-blog-post-austrias-ministry-of-economy-digital-sovereignty-1024x576.png 1024w, https:\/\/nextcloud.com\/c\/uploads\/2025\/10\/featured-image-blog-post-austrias-ministry-of-economy-digital-sovereignty-768x432.png 768w, https:\/\/nextcloud.com\/c\/uploads\/2025\/10\/featured-image-blog-post-austrias-ministry-of-economy-digital-sovereignty-1536x864.png 1536w\" sizes=\"(max-width: 1920px) 100vw, 1920px\" \/><\/figure>\n\n\n\n<ul class=\"wp-block-list nc-list\">\n<li><a href=\"https:\/\/nextcloud.com\/blog\/ile-de-france-sovereign-cloud-collaboration-platform\/\" target=\"_blank\" rel=\"noreferrer noopener\">Die \u00cele-de-France stellt 550,000 Studierenden und Mitarbeitern eine souver\u00e4ne Cloud-Plattform f\u00fcr die Zusammenarbeit bereit<\/a><\/li>\n\n\n\n<li><a href=\"https:\/\/nextcloud.com\/de\/blog\/case_studies\/nextcloud-sichere-souveraene-zusammenarbeit-bmwet-oesterreich\/\" target=\"_blank\" rel=\"noreferrer noopener\">Nextcloud erm\u00f6glicht sichere Zusammenarbeit im Bundesministerium \u00d6sterreichs<\/a><\/li>\n\n\n\n<li><a href=\"https:\/\/nextcloud.com\/blog\/crowe-greece-nextcloud-success-story\/\" target=\"_blank\" rel=\"noreferrer noopener\">Crowe Greece \u2013 Sichere Dateiverwaltung und Zusammenarbeit mit Nextcloud<\/a><\/li>\n\n\n\n<li><a href=\"https:\/\/nextcloud.com\/blog\/secure-cloud-storage-file-sharing-software-econgood\/\" target=\"_blank\" rel=\"noreferrer noopener\">Sichere Cloud-Speicher- und Dateifreigabe-Software f\u00fcr NGOs: Die Gemeinwohl\u00f6konomie mit Nextcloud<\/a><\/li>\n\n\n\n<li><a href=\"https:\/\/nextcloud.com\/de\/blog\/press_releases\/stadt-stuttgart\/\" target=\"_blank\" rel=\"noreferrer noopener\">Neuer Kooperationspartner: Die Stadt Stuttgart setzt auf Nextcloud<\/a> <\/li>\n<\/ul>\n\n\n\n<h3 class=\"wp-block-heading\">Videos, die Ihnen gefallen haben<\/h3>\n\n\n\n<figure class=\"wp-block-embed is-type-video is-provider-youtube wp-block-embed-youtube wp-embed-aspect-16-9 wp-has-aspect-ratio\"><div class=\"wp-block-embed__wrapper\">\n<iframe loading=\"lazy\" title=\"Don&#039;t let AI take away your privacy... \u274c Discover the Nextcloud Assistant\" width=\"500\" height=\"281\" src=\"https:\/\/www.youtube.com\/embed\/ny94L5wQiE8?feature=oembed\" frameborder=\"0\" allow=\"accelerometer; autoplay; clipboard-write; encrypted-media; gyroscope; picture-in-picture; web-share\" referrerpolicy=\"strict-origin-when-cross-origin\" allowfullscreen><\/iframe>\n<\/div><\/figure>\n\n\n\n<ul class=\"wp-block-list nc-list\">\n<li><a href=\"https:\/\/youtu.be\/ny94L5wQiE8\" target=\"_blank\" rel=\"noreferrer noopener\">Lassen Sie sich Ihre Privatsph\u00e4re nicht durch KI nehmen. Entdecken Sie Nextcloud Assistant<\/a> <\/li>\n\n\n\n<li><a href=\"https:\/\/youtu.be\/D4u4PQVmRbk\" target=\"_blank\" rel=\"noreferrer noopener\">Ist es an der Zeit, sich von Microsoft Teams zu verabschieden? Sehen Sie selbst, wie Nextcloud Talk Ihren Chats ein elegantes Design verleiht!<\/a> <\/li>\n\n\n\n<li><a href=\"https:\/\/youtu.be\/fbFM58Ex9fI\" target=\"_blank\" rel=\"noreferrer noopener\">Datenschutz sah noch nie so gut aus. Entdecken Sie neue Updates in Nextcloud Files, darunter Liquid Glass f\u00fcr Apple.<\/a> <\/li>\n<\/ul>\n<\/div><\/div>\n\n\n\n<div style=\"height:40px\" aria-hidden=\"true\" class=\"wp-block-spacer\"><\/div>\n\n\n<section class=\"promo-section  \" id=\"\" style=\"\" data-expiration=\"\">\n\t<div class=\"container\">\n\t\t<div class=\"row\">\n\t\t\t<div class=\"col-12\">\n\t\t\t\t<div class=\"text-block\">\n\t\t\t\t\t<h2>+14,000 Newsletter-Abonnenten<\/h2><p>M\u00f6chten Sie mehr \u00fcber Nextcloud erfahren? Erhalten Sie unseren monatlichen Newsletter direkt in Ihren Posteingang. Passen Sie die Kategorien an, um nur relevante Updates zu erhalten. So sieht Personalisierung in Bezug auf Ihre Privatsph\u00e4re aus.<\/p>\n<a class=\"c-btn btn-white\" href=\"https:\/\/nextcloud.com\/de\/newsletter\/\" target=\"_blank\">Konfigurieren und abonnieren<\/a>\t\t\t\t<\/div>\n\t\t\t<\/div>\n\t\t<\/div>\n\t<\/div>\n<\/section>\n\n\n\n<div style=\"height:40px\" aria-hidden=\"true\" class=\"wp-block-spacer\"><\/div>\n\n\n\n<h2 class=\"wp-block-heading\">Wir sehen uns 2026! \ud83c\udf8a<\/h2>\n\n\n\n<p>Neue Herausforderungen stehen bevor. Aber Mut wird belohnt, davon sind wir \u00fcberzeugt. <\/p>\n\n\n\n<p>Und Sie sind mutig: indem Sie sich f\u00fcr Privatsph\u00e4re und digitale Freiheit entscheiden und Ihr Zuhause, Ihr Team oder vielleicht sogar ein ganzes gro\u00dfes Unternehmen mit offenen, fairen und dezentralisierten Arbeitsmitteln f\u00fchren.<\/p>\n\n\n\n<p>Wir glauben, dass wir einer sicheren digitalen Welt in diesem Jahr einen Schritt n\u00e4her gekommen sind. Lassen Sie uns 2026 noch ein paar Schritte mehr wagen. \ud83d\ude09 <\/p>\n\n\n\n<p>Prost! <\/p>\n\n\n\n<p>Ihr Nextcloud-Team<\/p>\n\n","protected":false},"excerpt":{"rendered":"<p>Lesen Sie unseren Jahresr\u00fcckblick und entdecken Sie die Highlights: Releases, Community, Initiativen der digitalen Souver\u00e4nit\u00e4t, Veranstaltungen und vieles mehr!<\/p>\n","protected":false},"author":33,"featured_media":359798,"comment_status":"closed","ping_status":"closed","sticky":false,"template":"","format":"standard","meta":{"_acf_changed":false,"inline_featured_image":false,"publish_to_discourse":"","publish_post_category":"22","wpdc_auto_publish_overridden":"1","wpdc_topic_tags":"","wpdc_pin_topic":"","wpdc_pin_until":"","discourse_post_id":"703801","discourse_permalink":"https:\/\/help.nextcloud.com\/t\/ein-starkes-jahr-fur-digitale-souveranitat-der-nextcloud-jahresruckblick-2025\/237374","wpdc_publishing_response":"success","wpdc_publishing_error":"","footnotes":""},"categories":[372,276,228],"tags":[],"class_list":["post-360307","post","type-post","status-publish","format-standard","has-post-thumbnail","hentry","category-allgemein","category-blog-de","category-community-de"],"acf":[],"yoast_head":"<!-- This site is optimized with the Yoast SEO plugin v27.1.1 - https:\/\/yoast.com\/product\/yoast-seo-wordpress\/ -->\n<title>Ein entschlossenes Ja(hr) f\u00fcr digitale Souver\u00e4nit\u00e4t: Der Nextcloud-Jahresr\u00fcckblick 2025 - Nextcloud<\/title>\n<meta name=\"description\" content=\"Der Nextcloud-Jahresr\u00fcckblick 2025: Die Highlights aus unseren Releases, der Community, Initiativen digitaler Souver\u00e4nit\u00e4t, Veranstaltungen und mehr!\" \/>\n<meta name=\"robots\" content=\"index, follow, max-snippet:-1, max-image-preview:large, max-video-preview:-1\" \/>\n<link rel=\"canonical\" href=\"https:\/\/nextcloud.com\/de\/blog\/ein-starkes-jahr-fur-digitale-souveranitat-der-nextcloud-jahresruckblick-2025\/\" \/>\n<meta property=\"og:locale\" content=\"de_DE\" \/>\n<meta property=\"og:type\" content=\"article\" \/>\n<meta property=\"og:title\" content=\"Ein entschlossenes Ja(hr) f\u00fcr digitale Souver\u00e4nit\u00e4t: Der Nextcloud-Jahresr\u00fcckblick 2025 - Nextcloud\" \/>\n<meta property=\"og:description\" content=\"Der Nextcloud-Jahresr\u00fcckblick 2025: Die Highlights aus unseren Releases, der Community, Initiativen digitaler Souver\u00e4nit\u00e4t, Veranstaltungen und mehr!\" \/>\n<meta property=\"og:url\" content=\"https:\/\/nextcloud.com\/de\/blog\/ein-starkes-jahr-fur-digitale-souveranitat-der-nextcloud-jahresruckblick-2025\/\" \/>\n<meta property=\"og:site_name\" content=\"Nextcloud\" \/>\n<meta property=\"article:publisher\" content=\"https:\/\/www.facebook.com\/Nextclouders\/\" \/>\n<meta property=\"article:published_time\" content=\"2025-12-11T10:05:35+00:00\" \/>\n<meta property=\"article:modified_time\" content=\"2025-12-17T12:45:27+00:00\" \/>\n<meta property=\"og:image\" content=\"https:\/\/nextcloud.com\/c\/uploads\/2025\/12\/Nextclouds-2025-Wrap-Up-2.png\" \/>\n\t<meta property=\"og:image:width\" content=\"1920\" \/>\n\t<meta property=\"og:image:height\" content=\"1080\" \/>\n\t<meta property=\"og:image:type\" content=\"image\/png\" \/>\n<meta name=\"author\" content=\"Mikhail Korotaev\" \/>\n<meta name=\"twitter:card\" content=\"summary_large_image\" \/>\n<meta name=\"twitter:creator\" content=\"@nextclouders\" \/>\n<meta name=\"twitter:site\" content=\"@nextclouders\" \/>\n<meta name=\"twitter:label1\" content=\"Verfasst von\" \/>\n\t<meta name=\"twitter:data1\" content=\"Mikhail Korotaev\" \/>\n\t<meta name=\"twitter:label2\" content=\"Gesch\u00e4tzte Lesezeit\" \/>\n\t<meta name=\"twitter:data2\" content=\"13\u00a0Minuten\" \/>\n<script type=\"application\/ld+json\" class=\"yoast-schema-graph\">{\"@context\":\"https:\/\/schema.org\",\"@graph\":[{\"@type\":\"Article\",\"@id\":\"https:\/\/nextcloud.com\/de\/blog\/ein-starkes-jahr-fur-digitale-souveranitat-der-nextcloud-jahresruckblick-2025\/#article\",\"isPartOf\":{\"@id\":\"https:\/\/nextcloud.com\/de\/blog\/ein-starkes-jahr-fur-digitale-souveranitat-der-nextcloud-jahresruckblick-2025\/\"},\"author\":{\"name\":\"Mikhail Korotaev\",\"@id\":\"https:\/\/nextcloud.com\/de\/#\/schema\/person\/c4131c923c11769c06b82290f98f8ac8\"},\"headline\":\"Ein entschlossenes Ja(hr) f\u00fcr digitale Souver\u00e4nit\u00e4t: Der Nextcloud-Jahresr\u00fcckblick 2025\",\"datePublished\":\"2025-12-11T10:05:35+00:00\",\"dateModified\":\"2025-12-17T12:45:27+00:00\",\"mainEntityOfPage\":{\"@id\":\"https:\/\/nextcloud.com\/de\/blog\/ein-starkes-jahr-fur-digitale-souveranitat-der-nextcloud-jahresruckblick-2025\/\"},\"wordCount\":2679,\"publisher\":{\"@id\":\"https:\/\/nextcloud.com\/de\/#organization\"},\"image\":{\"@id\":\"https:\/\/nextcloud.com\/de\/blog\/ein-starkes-jahr-fur-digitale-souveranitat-der-nextcloud-jahresruckblick-2025\/#primaryimage\"},\"thumbnailUrl\":\"https:\/\/nextcloud.com\/c\/uploads\/2025\/12\/Nextclouds-2025-Wrap-Up-2.png\",\"articleSection\":{\"1\":\"Blog\",\"2\":\"Community\"},\"inLanguage\":\"de\"},{\"@type\":\"WebPage\",\"@id\":\"https:\/\/nextcloud.com\/de\/blog\/ein-starkes-jahr-fur-digitale-souveranitat-der-nextcloud-jahresruckblick-2025\/\",\"url\":\"https:\/\/nextcloud.com\/de\/blog\/ein-starkes-jahr-fur-digitale-souveranitat-der-nextcloud-jahresruckblick-2025\/\",\"name\":\"Ein entschlossenes Ja(hr) f\u00fcr digitale Souver\u00e4nit\u00e4t: Der Nextcloud-Jahresr\u00fcckblick 2025 - Nextcloud\",\"isPartOf\":{\"@id\":\"https:\/\/nextcloud.com\/de\/#website\"},\"primaryImageOfPage\":{\"@id\":\"https:\/\/nextcloud.com\/de\/blog\/ein-starkes-jahr-fur-digitale-souveranitat-der-nextcloud-jahresruckblick-2025\/#primaryimage\"},\"image\":{\"@id\":\"https:\/\/nextcloud.com\/de\/blog\/ein-starkes-jahr-fur-digitale-souveranitat-der-nextcloud-jahresruckblick-2025\/#primaryimage\"},\"thumbnailUrl\":\"https:\/\/nextcloud.com\/c\/uploads\/2025\/12\/Nextclouds-2025-Wrap-Up-2.png\",\"datePublished\":\"2025-12-11T10:05:35+00:00\",\"dateModified\":\"2025-12-17T12:45:27+00:00\",\"description\":\"Der Nextcloud-Jahresr\u00fcckblick 2025: Die Highlights aus unseren Releases, der Community, Initiativen digitaler Souver\u00e4nit\u00e4t, Veranstaltungen und mehr!\",\"breadcrumb\":{\"@id\":\"https:\/\/nextcloud.com\/de\/blog\/ein-starkes-jahr-fur-digitale-souveranitat-der-nextcloud-jahresruckblick-2025\/#breadcrumb\"},\"inLanguage\":\"de\",\"potentialAction\":[{\"@type\":\"ReadAction\",\"target\":[\"https:\/\/nextcloud.com\/de\/blog\/ein-starkes-jahr-fur-digitale-souveranitat-der-nextcloud-jahresruckblick-2025\/\"]}]},{\"@type\":\"ImageObject\",\"inLanguage\":\"de\",\"@id\":\"https:\/\/nextcloud.com\/de\/blog\/ein-starkes-jahr-fur-digitale-souveranitat-der-nextcloud-jahresruckblick-2025\/#primaryimage\",\"url\":\"https:\/\/nextcloud.com\/c\/uploads\/2025\/12\/Nextclouds-2025-Wrap-Up-2.png\",\"contentUrl\":\"https:\/\/nextcloud.com\/c\/uploads\/2025\/12\/Nextclouds-2025-Wrap-Up-2.png\",\"width\":1920,\"height\":1080,\"caption\":\"Featured image: Nextcloud's 2025 Wrap-Up\"},{\"@type\":\"BreadcrumbList\",\"@id\":\"https:\/\/nextcloud.com\/de\/blog\/ein-starkes-jahr-fur-digitale-souveranitat-der-nextcloud-jahresruckblick-2025\/#breadcrumb\",\"itemListElement\":[{\"@type\":\"ListItem\",\"position\":1,\"name\":\"Home\",\"item\":\"https:\/\/nextcloud.com\/de\/\"},{\"@type\":\"ListItem\",\"position\":2,\"name\":\"Ein entschlossenes Ja(hr) f\u00fcr digitale Souver\u00e4nit\u00e4t: Der Nextcloud-Jahresr\u00fcckblick 2025\"}]},{\"@type\":\"WebSite\",\"@id\":\"https:\/\/nextcloud.com\/de\/#website\",\"url\":\"https:\/\/nextcloud.com\/de\/\",\"name\":\"Nextcloud\",\"description\":\"Regain control over your data\",\"publisher\":{\"@id\":\"https:\/\/nextcloud.com\/de\/#organization\"},\"potentialAction\":[{\"@type\":\"SearchAction\",\"target\":{\"@type\":\"EntryPoint\",\"urlTemplate\":\"https:\/\/nextcloud.com\/de\/?s={search_term_string}\"},\"query-input\":{\"@type\":\"PropertyValueSpecification\",\"valueRequired\":true,\"valueName\":\"search_term_string\"}}],\"inLanguage\":\"de\"},{\"@type\":\"Organization\",\"@id\":\"https:\/\/nextcloud.com\/de\/#organization\",\"name\":\"Nextcloud\",\"url\":\"https:\/\/nextcloud.com\/de\/\",\"logo\":{\"@type\":\"ImageObject\",\"inLanguage\":\"de\",\"@id\":\"https:\/\/nextcloud.com\/de\/#\/schema\/logo\/image\/\",\"url\":\"https:\/\/nextcloud.com\/c\/uploads\/2022\/10\/nextcloud-logo-blue-transparent.svg\",\"contentUrl\":\"https:\/\/nextcloud.com\/c\/uploads\/2022\/10\/nextcloud-logo-blue-transparent.svg\",\"width\":\"1024\",\"height\":\"1024\",\"caption\":\"Nextcloud\"},\"image\":{\"@id\":\"https:\/\/nextcloud.com\/de\/#\/schema\/logo\/image\/\"},\"sameAs\":[\"https:\/\/www.facebook.com\/Nextclouders\/\",\"https:\/\/x.com\/nextclouders\",\"https:\/\/www.linkedin.com\/company\/10827569\/\",\"https:\/\/youtube.com\/nextcloud\",\"https:\/\/www.instagram.com\/nextclouders\/\"]},{\"@type\":\"Person\",\"@id\":\"https:\/\/nextcloud.com\/de\/#\/schema\/person\/c4131c923c11769c06b82290f98f8ac8\",\"name\":\"Mikhail Korotaev\",\"image\":{\"@type\":\"ImageObject\",\"inLanguage\":\"de\",\"@id\":\"https:\/\/nextcloud.com\/de\/#\/schema\/person\/image\/\",\"url\":\"https:\/\/secure.gravatar.com\/avatar\/50239e6d041bd078acdbbdad43132efabac4ca0799ae3eb97ec30bc09b62e515?s=96&d=mm&r=g\",\"contentUrl\":\"https:\/\/secure.gravatar.com\/avatar\/50239e6d041bd078acdbbdad43132efabac4ca0799ae3eb97ec30bc09b62e515?s=96&d=mm&r=g\",\"caption\":\"Mikhail Korotaev\"}}]}<\/script>\n<!-- \/ Yoast SEO plugin. -->","yoast_head_json":{"title":"Ein entschlossenes Ja(hr) f\u00fcr digitale Souver\u00e4nit\u00e4t: Der Nextcloud-Jahresr\u00fcckblick 2025 - Nextcloud","description":"Der Nextcloud-Jahresr\u00fcckblick 2025: Die Highlights aus unseren Releases, der Community, Initiativen digitaler Souver\u00e4nit\u00e4t, Veranstaltungen und mehr!","robots":{"index":"index","follow":"follow","max-snippet":"max-snippet:-1","max-image-preview":"max-image-preview:large","max-video-preview":"max-video-preview:-1"},"canonical":"https:\/\/nextcloud.com\/de\/blog\/ein-starkes-jahr-fur-digitale-souveranitat-der-nextcloud-jahresruckblick-2025\/","og_locale":"de_DE","og_type":"article","og_title":"Ein entschlossenes Ja(hr) f\u00fcr digitale Souver\u00e4nit\u00e4t: Der Nextcloud-Jahresr\u00fcckblick 2025 - Nextcloud","og_description":"Der Nextcloud-Jahresr\u00fcckblick 2025: Die Highlights aus unseren Releases, der Community, Initiativen digitaler Souver\u00e4nit\u00e4t, Veranstaltungen und mehr!","og_url":"https:\/\/nextcloud.com\/de\/blog\/ein-starkes-jahr-fur-digitale-souveranitat-der-nextcloud-jahresruckblick-2025\/","og_site_name":"Nextcloud","article_publisher":"https:\/\/www.facebook.com\/Nextclouders\/","article_published_time":"2025-12-11T10:05:35+00:00","article_modified_time":"2025-12-17T12:45:27+00:00","og_image":[{"width":1920,"height":1080,"url":"https:\/\/nextcloud.com\/c\/uploads\/2025\/12\/Nextclouds-2025-Wrap-Up-2.png","type":"image\/png"}],"author":"Mikhail Korotaev","twitter_card":"summary_large_image","twitter_creator":"@nextclouders","twitter_site":"@nextclouders","twitter_misc":{"Verfasst von":"Mikhail Korotaev","Gesch\u00e4tzte Lesezeit":"13\u00a0Minuten"},"schema":{"@context":"https:\/\/schema.org","@graph":[{"@type":"Article","@id":"https:\/\/nextcloud.com\/de\/blog\/ein-starkes-jahr-fur-digitale-souveranitat-der-nextcloud-jahresruckblick-2025\/#article","isPartOf":{"@id":"https:\/\/nextcloud.com\/de\/blog\/ein-starkes-jahr-fur-digitale-souveranitat-der-nextcloud-jahresruckblick-2025\/"},"author":{"name":"Mikhail Korotaev","@id":"https:\/\/nextcloud.com\/de\/#\/schema\/person\/c4131c923c11769c06b82290f98f8ac8"},"headline":"Ein entschlossenes Ja(hr) f\u00fcr digitale Souver\u00e4nit\u00e4t: Der Nextcloud-Jahresr\u00fcckblick 2025","datePublished":"2025-12-11T10:05:35+00:00","dateModified":"2025-12-17T12:45:27+00:00","mainEntityOfPage":{"@id":"https:\/\/nextcloud.com\/de\/blog\/ein-starkes-jahr-fur-digitale-souveranitat-der-nextcloud-jahresruckblick-2025\/"},"wordCount":2679,"publisher":{"@id":"https:\/\/nextcloud.com\/de\/#organization"},"image":{"@id":"https:\/\/nextcloud.com\/de\/blog\/ein-starkes-jahr-fur-digitale-souveranitat-der-nextcloud-jahresruckblick-2025\/#primaryimage"},"thumbnailUrl":"https:\/\/nextcloud.com\/c\/uploads\/2025\/12\/Nextclouds-2025-Wrap-Up-2.png","articleSection":{"1":"Blog","2":"Community"},"inLanguage":"de"},{"@type":"WebPage","@id":"https:\/\/nextcloud.com\/de\/blog\/ein-starkes-jahr-fur-digitale-souveranitat-der-nextcloud-jahresruckblick-2025\/","url":"https:\/\/nextcloud.com\/de\/blog\/ein-starkes-jahr-fur-digitale-souveranitat-der-nextcloud-jahresruckblick-2025\/","name":"Ein entschlossenes Ja(hr) f\u00fcr digitale Souver\u00e4nit\u00e4t: Der Nextcloud-Jahresr\u00fcckblick 2025 - Nextcloud","isPartOf":{"@id":"https:\/\/nextcloud.com\/de\/#website"},"primaryImageOfPage":{"@id":"https:\/\/nextcloud.com\/de\/blog\/ein-starkes-jahr-fur-digitale-souveranitat-der-nextcloud-jahresruckblick-2025\/#primaryimage"},"image":{"@id":"https:\/\/nextcloud.com\/de\/blog\/ein-starkes-jahr-fur-digitale-souveranitat-der-nextcloud-jahresruckblick-2025\/#primaryimage"},"thumbnailUrl":"https:\/\/nextcloud.com\/c\/uploads\/2025\/12\/Nextclouds-2025-Wrap-Up-2.png","datePublished":"2025-12-11T10:05:35+00:00","dateModified":"2025-12-17T12:45:27+00:00","description":"Der Nextcloud-Jahresr\u00fcckblick 2025: Die Highlights aus unseren Releases, der Community, Initiativen digitaler Souver\u00e4nit\u00e4t, Veranstaltungen und mehr!","breadcrumb":{"@id":"https:\/\/nextcloud.com\/de\/blog\/ein-starkes-jahr-fur-digitale-souveranitat-der-nextcloud-jahresruckblick-2025\/#breadcrumb"},"inLanguage":"de","potentialAction":[{"@type":"ReadAction","target":["https:\/\/nextcloud.com\/de\/blog\/ein-starkes-jahr-fur-digitale-souveranitat-der-nextcloud-jahresruckblick-2025\/"]}]},{"@type":"ImageObject","inLanguage":"de","@id":"https:\/\/nextcloud.com\/de\/blog\/ein-starkes-jahr-fur-digitale-souveranitat-der-nextcloud-jahresruckblick-2025\/#primaryimage","url":"https:\/\/nextcloud.com\/c\/uploads\/2025\/12\/Nextclouds-2025-Wrap-Up-2.png","contentUrl":"https:\/\/nextcloud.com\/c\/uploads\/2025\/12\/Nextclouds-2025-Wrap-Up-2.png","width":1920,"height":1080,"caption":"Featured image: Nextcloud's 2025 Wrap-Up"},{"@type":"BreadcrumbList","@id":"https:\/\/nextcloud.com\/de\/blog\/ein-starkes-jahr-fur-digitale-souveranitat-der-nextcloud-jahresruckblick-2025\/#breadcrumb","itemListElement":[{"@type":"ListItem","position":1,"name":"Home","item":"https:\/\/nextcloud.com\/de\/"},{"@type":"ListItem","position":2,"name":"Ein entschlossenes Ja(hr) f\u00fcr digitale Souver\u00e4nit\u00e4t: Der Nextcloud-Jahresr\u00fcckblick 2025"}]},{"@type":"WebSite","@id":"https:\/\/nextcloud.com\/de\/#website","url":"https:\/\/nextcloud.com\/de\/","name":"Nextcloud","description":"Regain control over your data","publisher":{"@id":"https:\/\/nextcloud.com\/de\/#organization"},"potentialAction":[{"@type":"SearchAction","target":{"@type":"EntryPoint","urlTemplate":"https:\/\/nextcloud.com\/de\/?s={search_term_string}"},"query-input":{"@type":"PropertyValueSpecification","valueRequired":true,"valueName":"search_term_string"}}],"inLanguage":"de"},{"@type":"Organization","@id":"https:\/\/nextcloud.com\/de\/#organization","name":"Nextcloud","url":"https:\/\/nextcloud.com\/de\/","logo":{"@type":"ImageObject","inLanguage":"de","@id":"https:\/\/nextcloud.com\/de\/#\/schema\/logo\/image\/","url":"https:\/\/nextcloud.com\/c\/uploads\/2022\/10\/nextcloud-logo-blue-transparent.svg","contentUrl":"https:\/\/nextcloud.com\/c\/uploads\/2022\/10\/nextcloud-logo-blue-transparent.svg","width":"1024","height":"1024","caption":"Nextcloud"},"image":{"@id":"https:\/\/nextcloud.com\/de\/#\/schema\/logo\/image\/"},"sameAs":["https:\/\/www.facebook.com\/Nextclouders\/","https:\/\/x.com\/nextclouders","https:\/\/www.linkedin.com\/company\/10827569\/","https:\/\/youtube.com\/nextcloud","https:\/\/www.instagram.com\/nextclouders\/"]},{"@type":"Person","@id":"https:\/\/nextcloud.com\/de\/#\/schema\/person\/c4131c923c11769c06b82290f98f8ac8","name":"Mikhail Korotaev","image":{"@type":"ImageObject","inLanguage":"de","@id":"https:\/\/nextcloud.com\/de\/#\/schema\/person\/image\/","url":"https:\/\/secure.gravatar.com\/avatar\/50239e6d041bd078acdbbdad43132efabac4ca0799ae3eb97ec30bc09b62e515?s=96&d=mm&r=g","contentUrl":"https:\/\/secure.gravatar.com\/avatar\/50239e6d041bd078acdbbdad43132efabac4ca0799ae3eb97ec30bc09b62e515?s=96&d=mm&r=g","caption":"Mikhail Korotaev"}}]}},"featured_media_url":"https:\/\/nextcloud.com\/c\/uploads\/2025\/12\/Nextclouds-2025-Wrap-Up-2.png","_links":{"self":[{"href":"https:\/\/nextcloud.com\/de\/wp-json\/wp\/v2\/posts\/360307","targetHints":{"allow":["GET"]}}],"collection":[{"href":"https:\/\/nextcloud.com\/de\/wp-json\/wp\/v2\/posts"}],"about":[{"href":"https:\/\/nextcloud.com\/de\/wp-json\/wp\/v2\/types\/post"}],"author":[{"embeddable":true,"href":"https:\/\/nextcloud.com\/de\/wp-json\/wp\/v2\/users\/33"}],"replies":[{"embeddable":true,"href":"https:\/\/nextcloud.com\/de\/wp-json\/wp\/v2\/comments?post=360307"}],"version-history":[{"count":6,"href":"https:\/\/nextcloud.com\/de\/wp-json\/wp\/v2\/posts\/360307\/revisions"}],"predecessor-version":[{"id":360982,"href":"https:\/\/nextcloud.com\/de\/wp-json\/wp\/v2\/posts\/360307\/revisions\/360982"}],"wp:featuredmedia":[{"embeddable":true,"href":"https:\/\/nextcloud.com\/de\/wp-json\/wp\/v2\/media\/359798"}],"wp:attachment":[{"href":"https:\/\/nextcloud.com\/de\/wp-json\/wp\/v2\/media?parent=360307"}],"wp:term":[{"taxonomy":"category","embeddable":true,"href":"https:\/\/nextcloud.com\/de\/wp-json\/wp\/v2\/categories?post=360307"},{"taxonomy":"post_tag","embeddable":true,"href":"https:\/\/nextcloud.com\/de\/wp-json\/wp\/v2\/tags?post=360307"}],"curies":[{"name":"wp","href":"https:\/\/api.w.org\/{rel}","templated":true}]}}